{"id":162387,"date":"2014-08-18T19:16:38","date_gmt":"2014-08-18T19:16:38","guid":{"rendered":"http:\/\/diariodominicano.ddns.net\/?p=162387"},"modified":"2014-08-18T19:16:38","modified_gmt":"2014-08-18T19:16:38","slug":"proclama-que-la-repostulacion-en-el-cargo-del-presidente-danilo-medina","status":"publish","type":"post","link":"https:\/\/diariodominicano.com\/?p=162387","title":{"rendered":"Proclama que la repostulaci\u00f3n en el cargo del presidente Danilo Medina"},"content":{"rendered":"<p><body><\/p>\n<p><img decoding=\"async\" src=\"img3\/antonio.jpg\" \/>  <\/p>\n<p><span class=\"text1noticias\">Santo Domingo, RD, 18 de Agosto.-El Ministro de Estado Sin Cartera, doctor Antonio Isa Conde proclam\u00f3 que la repostulaci\u00f3n en el cargo del presidente Danilo Medina es un sentimiento nacional que lo comparte mucha gente.<\/span><\/p>\n<\/p>\n<p><span class=\"text1noticias\">Entrevistado por el periodista Federico M\u00e9ndez, en el programa Esferas de Poder, que se transmite los domingos de 5:00 a 6:00 de la tarde, por Santo Domingo TV, afirm\u00f3 que el esfuerzo que se debe hacer ahora es para garantizar que las conquistas del Gobierno permanezcan en el tiempo.<\/span><\/p>\n<\/p>\n<p><span class=\"text1noticias\">El Asesor de Pol\u00edticas de Desarrollo del Poder Ejecutivo dijo que la mejor manera es que Medina durara cuatro a\u00f1os m\u00e1s en el ejercicio del poder.<\/span><\/p>\n<\/p>\n<p><span class=\"text1noticias\">Sin embargo, observ\u00f3 que frente a esa imposibilidad se deben crear las condiciones institucionales y la conciencia social de preservar los logros obtenidos.<\/span><\/p>\n<\/p>\n<p><span class=\"text1noticias\">\u00abCualquier gente que quiere este pa\u00eds y que ve cu\u00e1les son las alternativas pol\u00edticas de este pa\u00eds, quisiera ver a Danilo cuatro a\u00f1os m\u00e1s, eso es un sentimiento natural, pero tenemos que entender que hay una limitaci\u00f3n de tipo constitucional, y hay otra que es la personalidad del hombre\u00bb, subray\u00f3.<\/span><\/p>\n<\/p>\n<p><span class=\"text1noticias\">Consider\u00f3 que ha sido la visi\u00f3n del gobernante lo que ha calado en la poblaci\u00f3n, con el ejercicio de un gobierno cercano a la ciudadan\u00eda.<\/span><\/p>\n<\/p>\n<p><span class=\"text1noticias\">Asegur\u00f3 que el mandatario tiene una visi\u00f3n desarrollistas, que se fundamenta en el ser humano, porque pone la producci\u00f3n al servicio de \u00e9ste.<\/span><\/p>\n<\/p>\n<p><span class=\"text1noticias\">Crecimiento del sector industrial de 3.7%<\/span><\/p>\n<\/p>\n<p><span class=\"text1noticias\">El Ministro de Estado Sin Cartera manifest\u00f3 que el sector industrial ha experimentado un repunte del sector industrial, que en el 2012 creci\u00f3 un 0.2% y actualmente se sit\u00faa en alrededor de un 3.7%.<\/span><\/p>\n<\/p>\n<p><span class=\"text1noticias\">Isa Conde dijo que durante este per\u00edodo se han creado m\u00e1s de 200,000 empleos, tanto de zonas francas como fuera de estos parques industriales.<\/span><\/p>\n<\/p>\n<p><span class=\"text1noticias\">\u00abEsos son b\u00e1sicamente empleos formales, pero en el campo hay un tipo de informalidad que no es negativa, es una informalidad que tambi\u00e9n genera empleos m\u00e1s formales\u00bb, adujo.<\/span><\/p>\n<\/p>\n<p><span class=\"text1noticias\">Destac\u00f3 que hay 20,000 nuevos proveedores del Estado y la mayor\u00eda son peque\u00f1as y medianas empresas.<\/span><\/p>\n<\/p>\n<p><span class=\"text1noticias\">Isa Conde declar\u00f3 que han sido una serie de pol\u00edticas que se han implementado para permitirle el acceso a las Pymes a las compras del Estado.<\/span><\/p>\n<\/p>\n<p><span class=\"text1noticias\">Asimismo, sostuvo que se ha producido una distribuci\u00f3n nacional en todos los sentidos, y cit\u00f3 que el programa de construcci\u00f3n del gobierno est\u00e1 dise\u00f1ado para impactar a todas las comunidades del pa\u00eds.<\/span><\/p>\n<\/p>\n<p><span class=\"text1noticias\">El funcionario dijo que eso implica m\u00e1s empleos y cuando hay crecimiento se producen mayores niveles de oportunidades de trabajo.<\/span><\/p>\n<\/p>\n<p><span class=\"text1noticias\">El Asesor de Pol\u00edticas de Desarrollo del Poder Ejecutivo proclam\u00f3 que el reto del gobierno es garantizar la reforma de estos dos a\u00f1os y seguir increment\u00e1ndola.<\/span><\/p>\n<\/p>\n<p><span class=\"text1noticias\">\u00abEl Presidente est\u00e1 atento a lo que \u00e9l prometi\u00f3 en el plan de gobierno y est\u00e1 punto a punto tratando de ejecutarlo, est\u00e1 haciendo varias cosas a la vez, pero no todas a la vez\u00bb, argument\u00f3.<\/span><\/p>\n<\/p>\n<p><span class=\"text1noticias\">Isa Conde afirm\u00f3 que el gobierno de Medina est\u00e1 produciendo una revoluci\u00f3n al sector educativo, construyendo m\u00e1s aulas que todas las hechas en la historia del pa\u00eds, realiza un programa de formaci\u00f3n de maestros y se ejecuta la labor para la tanda extendida.<\/span><\/p>\n<\/p>\n<p><span class=\"text1noticias\"> \u00abLa mayor\u00eda de las cosas se est\u00e1n haciendo mediante concursos, eso no significa que no haya problemas, porque todo esto es una carrera de obst\u00e1culos, pero ha habido una transformaci\u00f3n en cuanto a la transparencia\u00bb, subray\u00f3.<\/span><\/p>\n<\/p>\n<p><span class=\"text1noticias\">Manifest\u00f3 que el combate a la pobreza rural se ha traducido en la creaci\u00f3n de empleos, las zonas francas han registrado un desarrollo y ha habido cierto repunte del sector industrial.<\/span><\/p>\n<\/p>\n<p><span class=\"text1noticias\">\u00abEs incre\u00edble la cantidad de cosas que se han hecho en dos a\u00f1os, en cada sector hay logros important\u00edsimos, hay algunos que son tan evidentes que tienen hasta reconocimiento internacional\u00bb, expuso.<\/span><\/p>\n<\/p>\n<p><span class=\"text1noticias\">Asegur\u00f3 que en estos dos a\u00f1os de gesti\u00f3n \u00abse ha hecho lo que nunca se ha hecho\u00bb.(HG)<\/span>.<\/p>\n<h6> 2014-08-18 19:16:38 <\/h6>\n<p><!--\n<link rel=\"stylesheet\" href=\"css\/bootstrap.min.css\">\n\n\n<ul class=\"pagination\">\n\t    \n\t\n\n<li >\n\t<a href='?page_no=14798'>Previous<\/a>\n\t<\/li>\n\n\n       \n    \n\n<li><a href='?page_no=1'>1<\/a><\/li>\n\n\n\n<li><a href='?page_no=2'>2<\/a><\/li>\n\n\n\n<li><a>...<\/a><\/li>\n\n\n\n<li><a href='?page_no=14797'>14797<\/a><\/li>\n\n\n\n<li><a href='?page_no=14798'>14798<\/a><\/li>\n\n\n\n<li class='active'><a>14799<\/a><\/li>\n\n\n\n<li><a href='?page_no=14800'>14800<\/a><\/li>\n\n\n\n<li><a href='?page_no=14801'>14801<\/a><\/li>\n\n\n\n<li><a>...<\/a><\/li>\n\n\n\n<li><a href='?page_no=36999'>36999<\/a><\/li>\n\n\n\n<li><a href='?page_no=37000'>37000<\/a><\/li>\n\n    \n\t\n\n<li >\n\t<a href='?page_no=14800'>Next<\/a>\n\t<\/li>\n\n\n    \n\n<li><a href='?page_no=37000'>Last &rsaquo;&rsaquo;<\/a><\/li>\n\n<\/ul>\n\n\n--><br \/>\n<\/body><\/p>\n","protected":false},"excerpt":{"rendered":"<p>Santo Domingo, RD, 18 de Agosto.-El Ministro de Estado Sin Cartera, doctor Antonio Isa Conde proclam\u00f3 que la repostulaci\u00f3n en el cargo del presidente Danilo Medina es un sentimiento nacional que lo comparte mucha gente. Entrevistado por el periodista Federico M\u00e9ndez, en el programa Esferas de Poder, que se transmite los domingos de 5:00 a [&hellip;]<\/p>\n","protected":false},"author":3,"featured_media":0,"comment_status":"open","ping_status":"open","sticky":false,"template":"","format":"standard","meta":{"footnotes":""},"categories":[22],"tags":[],"class_list":["post-162387","post","type-post","status-publish","format-standard","hentry","category-politica"],"_links":{"self":[{"href":"https:\/\/diariodominicano.com\/index.php?rest_route=\/wp\/v2\/posts\/162387","targetHints":{"allow":["GET"]}}],"collection":[{"href":"https:\/\/diariodominicano.com\/index.php?rest_route=\/wp\/v2\/posts"}],"about":[{"href":"https:\/\/diariodominicano.com\/index.php?rest_route=\/wp\/v2\/types\/post"}],"author":[{"embeddable":true,"href":"https:\/\/diariodominicano.com\/index.php?rest_route=\/wp\/v2\/users\/3"}],"replies":[{"embeddable":true,"href":"https:\/\/diariodominicano.com\/index.php?rest_route=%2Fwp%2Fv2%2Fcomments&post=162387"}],"version-history":[{"count":0,"href":"https:\/\/diariodominicano.com\/index.php?rest_route=\/wp\/v2\/posts\/162387\/revisions"}],"wp:attachment":[{"href":"https:\/\/diariodominicano.com\/index.php?rest_route=%2Fwp%2Fv2%2Fmedia&parent=162387"}],"wp:term":[{"taxonomy":"category","embeddable":true,"href":"https:\/\/diariodominicano.com\/index.php?rest_route=%2Fwp%2Fv2%2Fcategories&post=162387"},{"taxonomy":"post_tag","embeddable":true,"href":"https:\/\/diariodominicano.com\/index.php?rest_route=%2Fwp%2Fv2%2Ftags&post=162387"}],"curies":[{"name":"wp","href":"https:\/\/api.w.org\/{rel}","templated":true}]}}