{"id":162386,"date":"2014-08-18T19:49:24","date_gmt":"2014-08-18T19:49:24","guid":{"rendered":"http:\/\/diariodominicano.ddns.net\/?p=162386"},"modified":"2014-08-18T19:49:24","modified_gmt":"2014-08-18T19:49:24","slug":"juramentan-mas-de-300-nuevos-miembros-prsc-en-santo-domingo-norte","status":"publish","type":"post","link":"https:\/\/diariodominicano.com\/?p=162386","title":{"rendered":"Juramentan m\u00e1s de 300 nuevos miembros PRSC en Santo Domingo Norte"},"content":{"rendered":"<p><body><\/p>\n<p><img decoding=\"async\" src=\"img3\/alex.jpg\" \/>  <\/p>\n<p><span class=\"text1noticias\">Santo Domingo, RD, 18 de Agosto.- El presidente Partido Reformista Social Cristiano (PRSC) en este municipio, Alex Lara encabez\u00f3 un acto de juramentaci\u00f3n de m\u00e1s de 300 nuevos miembros, evidenciando el crecimiento sostenido que experimenta la entidad \u00faltimamente.<\/span><\/p>\n<p><span class=\"text1noticias\"> <\/span><\/p>\n<p><span class=\"text1noticias\">Un comunicado de prensa destaca que la actividad se efectu\u00f3 en el distrito municipal de La Victoria, donde Lara record\u00f3 a los nuevos reformistas que a pesar de que hay pol\u00edticos malos, tambi\u00e9n los hay buenos y que los dirigentes de la organizaci\u00f3n, cuando han estado en el poder han respondido a siempre a sus compatriotas.<\/span><\/p>\n<p><span class=\"text1noticias\"> <\/span><\/p>\n<p><span class=\"text1noticias\">La jornada de acogida a los reci\u00e9n ingresados al PRSC, se desarroll\u00f3 en el sector La Virgen, donde fueron juraron unos 150 simpatizantes y en la comunidad Respaldo La Altagracia, del citado distrito municipal, se  agregaron casi 200 nuevos miembros m\u00e1s a las filas del reformismo.<\/span><\/p>\n<p><span class=\"text1noticias\"> <\/span><\/p>\n<p><span class=\"text1noticias\">Se\u00f1al\u00f3 que como de costumbre el aspirante a diputado por el partido colorado en SDN, Alex Lara y a prop\u00f3sito del inicio del a\u00f1o escolar, este lunes 18 de agosto, el joven empresario entreg\u00f3 miles de mascotas a los ni\u00f1os pobres de la demarcaci\u00f3n y el exhort\u00f3 a continuar sus estudios por encima de todo.<\/span><\/p>\n<p><span class=\"text1noticias\"> <\/span><\/p>\n<p><span class=\"text1noticias\">Una comisi\u00f3n de alto nivel de la organizaci\u00f3n que fundara el expresidente Joaqu\u00edn Balaguer acompa\u00f1\u00f3 al presidente del PRSC en la zona, la misma estuvo integrada por el precandidato a alcalde, ingeniero David Bautista, quien al hacer uso de la palabra se defini\u00f3 como un comunitario de toda la vida y que cuando sea el s\u00edndico de SDN dejar\u00e1 una impronta de soluciones a los males que afectan la comunidad.<\/span><\/p>\n<p><span class=\"text1noticias\"> <\/span><\/p>\n<p><span class=\"text1noticias\">Agreg\u00f3 que tiene un plan definido para solucionar el problema de la basura que hoy se  traga a Santo Domingo Norte, no obstante contar en su territorio con el vertedero m\u00e1s grande del pa\u00eds y que en su gesti\u00f3n, lejos de ser los desechos s\u00f3lidos un dolor de cabeza y una fuente de contaminaci\u00f3n los convertir\u00e1 en fuentes de energ\u00eda y riqueza para la zona.<\/span><\/p>\n<p><span class=\"text1noticias\"> <\/span><\/p>\n<p><span class=\"text1noticias\">En el recorrido tambi\u00e9n estuvieron los dirigentes reformistas, licenciado Jorge Emilio Jim\u00e9nez, quien tom\u00f3 el juramento a los nuevos reformistas, Wilson del Orbe, Julio Ma\u00f1\u00f3n Rojas (Ricardito) y  Rafael David Infante, precandidatos a regidores, respectivamente.(HG)<\/span>. <\/p>\n<\/p>\n<h6> 2014-08-18 19:49:24 <\/h6>\n<p><!--\n<link rel=\"stylesheet\" href=\"css\/bootstrap.min.css\">\n\n\n<ul class=\"pagination\">\n\t    \n\t\n\n<li >\n\t<a href='?page_no=14797'>Previous<\/a>\n\t<\/li>\n\n\n       \n    \n\n<li><a href='?page_no=1'>1<\/a><\/li>\n\n\n\n<li><a href='?page_no=2'>2<\/a><\/li>\n\n\n\n<li><a>...<\/a><\/li>\n\n\n\n<li><a href='?page_no=14796'>14796<\/a><\/li>\n\n\n\n<li><a href='?page_no=14797'>14797<\/a><\/li>\n\n\n\n<li class='active'><a>14798<\/a><\/li>\n\n\n\n<li><a href='?page_no=14799'>14799<\/a><\/li>\n\n\n\n<li><a href='?page_no=14800'>14800<\/a><\/li>\n\n\n\n<li><a>...<\/a><\/li>\n\n\n\n<li><a href='?page_no=36999'>36999<\/a><\/li>\n\n\n\n<li><a href='?page_no=37000'>37000<\/a><\/li>\n\n    \n\t\n\n<li >\n\t<a href='?page_no=14799'>Next<\/a>\n\t<\/li>\n\n\n    \n\n<li><a href='?page_no=37000'>Last &rsaquo;&rsaquo;<\/a><\/li>\n\n<\/ul>\n\n\n--><br \/>\n<\/body><\/p>\n","protected":false},"excerpt":{"rendered":"<p>Santo Domingo, RD, 18 de Agosto.- El presidente Partido Reformista Social Cristiano (PRSC) en este municipio, Alex Lara encabez\u00f3 un acto de juramentaci\u00f3n de m\u00e1s de 300 nuevos miembros, evidenciando el crecimiento sostenido que experimenta la entidad \u00faltimamente. Un comunicado de prensa destaca que la actividad se efectu\u00f3 en el distrito municipal de La Victoria, [&hellip;]<\/p>\n","protected":false},"author":3,"featured_media":0,"comment_status":"open","ping_status":"open","sticky":false,"template":"","format":"standard","meta":{"footnotes":""},"categories":[22],"tags":[],"class_list":["post-162386","post","type-post","status-publish","format-standard","hentry","category-politica"],"_links":{"self":[{"href":"https:\/\/diariodominicano.com\/index.php?rest_route=\/wp\/v2\/posts\/162386","targetHints":{"allow":["GET"]}}],"collection":[{"href":"https:\/\/diariodominicano.com\/index.php?rest_route=\/wp\/v2\/posts"}],"about":[{"href":"https:\/\/diariodominicano.com\/index.php?rest_route=\/wp\/v2\/types\/post"}],"author":[{"embeddable":true,"href":"https:\/\/diariodominicano.com\/index.php?rest_route=\/wp\/v2\/users\/3"}],"replies":[{"embeddable":true,"href":"https:\/\/diariodominicano.com\/index.php?rest_route=%2Fwp%2Fv2%2Fcomments&post=162386"}],"version-history":[{"count":0,"href":"https:\/\/diariodominicano.com\/index.php?rest_route=\/wp\/v2\/posts\/162386\/revisions"}],"wp:attachment":[{"href":"https:\/\/diariodominicano.com\/index.php?rest_route=%2Fwp%2Fv2%2Fmedia&parent=162386"}],"wp:term":[{"taxonomy":"category","embeddable":true,"href":"https:\/\/diariodominicano.com\/index.php?rest_route=%2Fwp%2Fv2%2Fcategories&post=162386"},{"taxonomy":"post_tag","embeddable":true,"href":"https:\/\/diariodominicano.com\/index.php?rest_route=%2Fwp%2Fv2%2Ftags&post=162386"}],"curies":[{"name":"wp","href":"https:\/\/api.w.org\/{rel}","templated":true}]}}