{"id":162385,"date":"2014-08-18T19:56:40","date_gmt":"2014-08-18T19:56:40","guid":{"rendered":"http:\/\/diariodominicano.ddns.net\/?p=162385"},"modified":"2014-08-18T19:56:40","modified_gmt":"2014-08-18T19:56:40","slug":"montas-ve-debilidad-en-proyecto-leonel","status":"publish","type":"post","link":"https:\/\/diariodominicano.com\/?p=162385","title":{"rendered":"&#13;&#13;&#13;Mont\u00e1s ve \u00abdebilidad\u00bb en proyecto Leonel"},"content":{"rendered":"<p><body><\/p>\n<\/p>\n<p><span class=\"text1noticias\">Santo Domingo, RD, 18 de agosto.- El aspirante presidencial Tem\u00edstocles Mont\u00e1s, del Partido de la Liberaci\u00f3n Dominicana (PLD), interpret\u00f3 hoy como evidente \u00abdebilidad\u00bb del proyecto Leonel Fern\u00e1ndez pedir a los pelede\u00edstas no comprometerse con ning\u00fan otro aspirante hasta que \u00e9l lance la suya en enero.<\/span><\/p>\n<\/p>\n<p><span class=\"text1noticias\">Mont\u00e1s replic\u00f3 que quienes proclaman que nadie le ganar\u00eda a Leonel la convenci\u00f3n el pr\u00f3ximo a\u00f1o volver\u00e1n a ser sorprendidos como en las elecciones de los comit\u00e9s central y pol\u00edtico, cuyos resultados favorecieron al proyecto del presidente Danilo Medina.<\/span><\/p>\n<\/p>\n<p><span class=\"text1noticias\">\u00abYo no creo que el ex presidente Fern\u00e1ndez tenga nada seguro al interior del PLD\u00bb, sentenci\u00f3, entrevistado por Marino Zapete y Edith Febles en El Despertador, por el canal 9.<\/span><\/p>\n<\/p>\n<p><span class=\"text1noticias\">El mensaje de Fern\u00e1ndez de abstenci\u00f3n a apoyar a otros aspirantes fue divulgado en una reuni\u00f3n en Cayetano Germos\u00e9n por el ingeniero V\u00edctor D\u00edaz R\u00faa, tesorero del partido y ministro de Obras P\u00fablicas del gobierno de Leonel.<\/span><\/p>\n<\/p>\n<p><span class=\"text1noticias\">\u00abEsa declaraci\u00f3n de D\u00edaz R\u00faa es una debilidad, est\u00e1n viendo una cantidad enorme de compa\u00f1eros identific\u00e1ndose con el discurso renovador que proyectamos quienes buscamos la candidatura presidencial\u00bb, coment\u00f3 Mont\u00e1s.<\/span><\/p>\n<\/p>\n<p><span class=\"text1noticias\">Asegur\u00f3 que la militancia lo que quiere ahora son cambios como el que comenz\u00f3 en 2012 con la elecci\u00f3n de Medina a la Presidencia, alternancia en el liderazgo del partido, no retornar al pasado, a etapas superadas.<\/span><\/p>\n<\/p>\n<p><span class=\"text1noticias\">Dijo que ese \u00abmandado\u00bb de Leonel pareciera que se ten\u00eda secuestrada a una militancia, comprometida con s\u00f3lo una figura mesi\u00e1nica y caudillezca, pero ahora esa militancia tiene vocaci\u00f3n democr\u00e1tica, pues reconoce que en el PLD no hay un l\u00edder sino l\u00edderes.<\/span><\/p>\n<\/p>\n<p><span class=\"text1noticias\">Mont\u00e1s cit\u00f3 como un ejemplo de esa supuesta supremac\u00eda del proyecto Fern\u00e1ndez la estimaci\u00f3n de que fue superior la ovaci\u00f3n a la recibida por Medina cuando ambos llegaron a la plenaria del pasado congreso, hasta que los resultados desmintieron esa apreciaci\u00f3n.<\/span><\/p>\n<\/p>\n<p><span class=\"text1noticias\">\u00abEsa fue una lecci\u00f3n que se le dio a ese sector que se cre\u00eda due\u00f1o del partido y los resultados de lo que va a ocurrir en las primarias del pr\u00f3ximo a\u00f1o tambi\u00e9n estar\u00e1n muy determinados por la orientaci\u00f3n de los seguidores de Medina, que aunque se hable de reelecci\u00f3n, no se repostular\u00e1\u00bb, subray\u00f3.<\/span><\/p>\n<\/p>\n<p><span class=\"text1noticias\"> Reiter\u00f3 que el presidente Medina no tiene preferido entre los aspirantes a la candidatura presidencial del partido y que igualmente as\u00ed lo reconocen sus competidores Reinaldo Pared P\u00e9rez y Francisco Javier Garc\u00eda.<\/span><\/p>\n<\/p>\n<p><span class=\"text1noticias\">\u00abSoy el \u00fanico (aspirante) con un mensaje claro y contundente, que se opone al continuismo, que levanta la bandera hist\u00f3rica (del PLD) de lucha por la libertad, la justicia social, por adecentar la pol\u00edtica, y lo he hecho de manera frontal, se\u00f1alando que el PLD no es un partido de nadie en particular, que no puede por tanto ser puesto al servicio de nadie en particular\u00bb, sentenci\u00f3.<\/span><\/p>\n<\/p>\n<p><span class=\"text1noticias\">Mont\u00e1s dijo que su definici\u00f3n, actitud y determinaci\u00f3n son las que le han permitido diferenciarse de sus dem\u00e1s compa\u00f1eros y tambi\u00e9n ser el \u00fanico con una estructura a nivel nacional.<\/span><\/p>\n<\/p>\n<p><span class=\"text1noticias\">El aspirante manifest\u00f3 su convicci\u00f3n de que hay que rescatar la idea de un estado real de derecho que no dependa de las personalidades y que esa es la raz\u00f3n por la que \u00e9l combate el continuismo, para llegar a una sociedad de incluidos.<\/span><\/p>\n<h6> 2014-08-18 19:56:40 <\/h6>\n<p><!--\n<link rel=\"stylesheet\" href=\"css\/bootstrap.min.css\">\n\n\n<ul class=\"pagination\">\n\t    \n\t\n\n<li >\n\t<a href='?page_no=14796'>Previous<\/a>\n\t<\/li>\n\n\n       \n    \n\n<li><a href='?page_no=1'>1<\/a><\/li>\n\n\n\n<li><a href='?page_no=2'>2<\/a><\/li>\n\n\n\n<li><a>...<\/a><\/li>\n\n\n\n<li><a href='?page_no=14795'>14795<\/a><\/li>\n\n\n\n<li><a href='?page_no=14796'>14796<\/a><\/li>\n\n\n\n<li class='active'><a>14797<\/a><\/li>\n\n\n\n<li><a href='?page_no=14798'>14798<\/a><\/li>\n\n\n\n<li><a href='?page_no=14799'>14799<\/a><\/li>\n\n\n\n<li><a>...<\/a><\/li>\n\n\n\n<li><a href='?page_no=36999'>36999<\/a><\/li>\n\n\n\n<li><a href='?page_no=37000'>37000<\/a><\/li>\n\n    \n\t\n\n<li >\n\t<a href='?page_no=14798'>Next<\/a>\n\t<\/li>\n\n\n    \n\n<li><a href='?page_no=37000'>Last &rsaquo;&rsaquo;<\/a><\/li>\n\n<\/ul>\n\n\n--><br \/>\n<\/body><\/p>\n","protected":false},"excerpt":{"rendered":"<p>Santo Domingo, RD, 18 de agosto.- El aspirante presidencial Tem\u00edstocles Mont\u00e1s, del Partido de la Liberaci\u00f3n Dominicana (PLD), interpret\u00f3 hoy como evidente \u00abdebilidad\u00bb del proyecto Leonel Fern\u00e1ndez pedir a los pelede\u00edstas no comprometerse con ning\u00fan otro aspirante hasta que \u00e9l lance la suya en enero. Mont\u00e1s replic\u00f3 que quienes proclaman que nadie le ganar\u00eda a [&hellip;]<\/p>\n","protected":false},"author":3,"featured_media":0,"comment_status":"open","ping_status":"open","sticky":false,"template":"","format":"standard","meta":{"footnotes":""},"categories":[22],"tags":[],"class_list":["post-162385","post","type-post","status-publish","format-standard","hentry","category-politica"],"_links":{"self":[{"href":"https:\/\/diariodominicano.com\/index.php?rest_route=\/wp\/v2\/posts\/162385","targetHints":{"allow":["GET"]}}],"collection":[{"href":"https:\/\/diariodominicano.com\/index.php?rest_route=\/wp\/v2\/posts"}],"about":[{"href":"https:\/\/diariodominicano.com\/index.php?rest_route=\/wp\/v2\/types\/post"}],"author":[{"embeddable":true,"href":"https:\/\/diariodominicano.com\/index.php?rest_route=\/wp\/v2\/users\/3"}],"replies":[{"embeddable":true,"href":"https:\/\/diariodominicano.com\/index.php?rest_route=%2Fwp%2Fv2%2Fcomments&post=162385"}],"version-history":[{"count":0,"href":"https:\/\/diariodominicano.com\/index.php?rest_route=\/wp\/v2\/posts\/162385\/revisions"}],"wp:attachment":[{"href":"https:\/\/diariodominicano.com\/index.php?rest_route=%2Fwp%2Fv2%2Fmedia&parent=162385"}],"wp:term":[{"taxonomy":"category","embeddable":true,"href":"https:\/\/diariodominicano.com\/index.php?rest_route=%2Fwp%2Fv2%2Fcategories&post=162385"},{"taxonomy":"post_tag","embeddable":true,"href":"https:\/\/diariodominicano.com\/index.php?rest_route=%2Fwp%2Fv2%2Ftags&post=162385"}],"curies":[{"name":"wp","href":"https:\/\/api.w.org\/{rel}","templated":true}]}}