{"id":162384,"date":"2014-08-18T20:07:35","date_gmt":"2014-08-18T20:07:35","guid":{"rendered":"http:\/\/diariodominicano.ddns.net\/?p=162384"},"modified":"2014-08-18T20:07:35","modified_gmt":"2014-08-18T20:07:35","slug":"ingrid-de-pared-se-reune-con-damas-distinguidas","status":"publish","type":"post","link":"https:\/\/diariodominicano.com\/?p=162384","title":{"rendered":"&#13;&#13;&#13;&#13;Ingrid de Pared se re\u00fane con damas distinguidas"},"content":{"rendered":"<p><body><\/p>\n<p><img decoding=\"async\" src=\"img3\/iris.jpg\" \/><br \/><img decoding=\"async\" src=\"img3\/familiapared.jpg\" \/><br \/><img decoding=\"async\" src=\"img3\/esposaspared.jpg\" \/>  <\/p>\n<\/p>\n<p><span class=\"text1noticias\"> <\/span><\/p>\n<p><span class=\"text1noticias\">Santo Domingo, RD, 18 de agosto.- En un encuentro \u00edntimo con damas distinguidas de la sociedad dominicana la licenciada Ingrid Mendoza de Pared comparti\u00f3 con las asistentes sobre lo que significa caminar junto a su esposo con miras a alcanzar la primera magistratura del pa\u00eds.<\/span><\/p>\n<\/p>\n<p><span class=\"text1noticias\">La esposa del ex presidente del senado pudiera convertirse a partir del 2016 en la primera dama de la Rep\u00fablica Dominicana y  habl\u00f3 sobre su compromiso con la mujer dominicana, la familia y sobre todo la justicia. Como abogada con m\u00e1s de 25 a\u00f1os de ejercicio tambi\u00e9n es una fiel defensora de la justicia social. <\/span><\/p>\n<\/p>\n<p><span class=\"text1noticias\">El acto fue organizado por la abogada y comunicadora Susana Gautreau, quien manifest\u00f3 que su objetivo es que mujeres de la sociedad de nuestro pais conozcan el gran ser humano que es Ingrid Mendoza de Pared. Las invitadas tuvieron la oportunidad de tomar el micr\u00f3fono donde manifestaron las razones por las que se sienten identificadas con el proyecto Reinaldo 2016. <\/span><\/p>\n<\/p>\n<p><span class=\"text1noticias\">M\u00e1s adelante sorprendi\u00f3 con su visita el precandidato presidencial, doctor Reinaldo Pared P\u00e9rez, quien salud\u00f3 a cada una de las invitadas. El tambi\u00e9n senador por el Distrito Nacional y secretario general del Partido de la Liberaci\u00f3n Dominicana agradeci\u00f3 el apoyo brindado a su esposa. <\/span><\/p>\n<\/p>\n<p><span class=\"text1noticias\">El acto cont\u00f3 con la maestr\u00eda de ceremonias de la comunicadora Susy Aquino Gautreau y la presencia de Rommy Grull\u00f3n, Margarita de Mariotti, Anny Rizic, Isnelda de Guevara, Odile Feria, Arelis de Nova, Amalia de Calder\u00f3n, Magdalena de Mazara, Celenia de Pared, Sarah Guerrero Chelewitte,  \u00c1ngela de Garrido, Virginia Silva, entre otras distinguidas damas asistieron adem\u00e1s importantes figuras de la cr\u00f3nica social nacional entre las que podemos destacar a Fanny Santana, C\u00e1ndida Ortega, Mirna Pimentel y B\u00e9lgica Su\u00e1rez.<\/span><\/p>\n<h6> 2014-08-18 20:07:35 <\/h6>\n<p><!--\n<link rel=\"stylesheet\" href=\"css\/bootstrap.min.css\">\n\n\n<ul class=\"pagination\">\n\t    \n\t\n\n<li >\n\t<a href='?page_no=14795'>Previous<\/a>\n\t<\/li>\n\n\n       \n    \n\n<li><a href='?page_no=1'>1<\/a><\/li>\n\n\n\n<li><a href='?page_no=2'>2<\/a><\/li>\n\n\n\n<li><a>...<\/a><\/li>\n\n\n\n<li><a href='?page_no=14794'>14794<\/a><\/li>\n\n\n\n<li><a href='?page_no=14795'>14795<\/a><\/li>\n\n\n\n<li class='active'><a>14796<\/a><\/li>\n\n\n\n<li><a href='?page_no=14797'>14797<\/a><\/li>\n\n\n\n<li><a href='?page_no=14798'>14798<\/a><\/li>\n\n\n\n<li><a>...<\/a><\/li>\n\n\n\n<li><a href='?page_no=36999'>36999<\/a><\/li>\n\n\n\n<li><a href='?page_no=37000'>37000<\/a><\/li>\n\n    \n\t\n\n<li >\n\t<a href='?page_no=14797'>Next<\/a>\n\t<\/li>\n\n\n    \n\n<li><a href='?page_no=37000'>Last &rsaquo;&rsaquo;<\/a><\/li>\n\n<\/ul>\n\n\n--><br \/>\n<\/body><\/p>\n","protected":false},"excerpt":{"rendered":"<p>Santo Domingo, RD, 18 de agosto.- En un encuentro \u00edntimo con damas distinguidas de la sociedad dominicana la licenciada Ingrid Mendoza de Pared comparti\u00f3 con las asistentes sobre lo que significa caminar junto a su esposo con miras a alcanzar la primera magistratura del pa\u00eds. La esposa del ex presidente del senado pudiera convertirse a [&hellip;]<\/p>\n","protected":false},"author":3,"featured_media":0,"comment_status":"open","ping_status":"open","sticky":false,"template":"","format":"standard","meta":{"footnotes":""},"categories":[22],"tags":[],"class_list":["post-162384","post","type-post","status-publish","format-standard","hentry","category-politica"],"_links":{"self":[{"href":"https:\/\/diariodominicano.com\/index.php?rest_route=\/wp\/v2\/posts\/162384","targetHints":{"allow":["GET"]}}],"collection":[{"href":"https:\/\/diariodominicano.com\/index.php?rest_route=\/wp\/v2\/posts"}],"about":[{"href":"https:\/\/diariodominicano.com\/index.php?rest_route=\/wp\/v2\/types\/post"}],"author":[{"embeddable":true,"href":"https:\/\/diariodominicano.com\/index.php?rest_route=\/wp\/v2\/users\/3"}],"replies":[{"embeddable":true,"href":"https:\/\/diariodominicano.com\/index.php?rest_route=%2Fwp%2Fv2%2Fcomments&post=162384"}],"version-history":[{"count":0,"href":"https:\/\/diariodominicano.com\/index.php?rest_route=\/wp\/v2\/posts\/162384\/revisions"}],"wp:attachment":[{"href":"https:\/\/diariodominicano.com\/index.php?rest_route=%2Fwp%2Fv2%2Fmedia&parent=162384"}],"wp:term":[{"taxonomy":"category","embeddable":true,"href":"https:\/\/diariodominicano.com\/index.php?rest_route=%2Fwp%2Fv2%2Fcategories&post=162384"},{"taxonomy":"post_tag","embeddable":true,"href":"https:\/\/diariodominicano.com\/index.php?rest_route=%2Fwp%2Fv2%2Ftags&post=162384"}],"curies":[{"name":"wp","href":"https:\/\/api.w.org\/{rel}","templated":true}]}}