{"id":162383,"date":"2014-08-18T22:58:23","date_gmt":"2014-08-18T22:58:23","guid":{"rendered":"http:\/\/diariodominicano.ddns.net\/?p=162383"},"modified":"2014-08-18T22:58:23","modified_gmt":"2014-08-18T22:58:23","slug":"guillermo-moreno-solicita-a-la-jce-reconocimiento-de-alianza-pais-como-partido-politico","status":"publish","type":"post","link":"https:\/\/diariodominicano.com\/?p=162383","title":{"rendered":"Guillermo Moreno solicita a la JCE reconocimiento de Alianza Pa\u00eds como partido pol\u00edtico"},"content":{"rendered":"<p><body><\/p>\n<p><img decoding=\"async\" src=\"http:\/\/localhost:8080\/img3\/Alianza.jpg\" \/>  <\/p>\n<p><span class=\"text1noticias\">Santo Domingo, RD, 17 de Agosto.-El Presidente de la Junta Central Electoral (JCE), Magistrado Roberto Rosario M\u00e1rquez, recibi\u00f3 en su despacho, una delegaci\u00f3n del movimiento \u00abAlianza Pa\u00eds\u00bb, encabezada por el doctor Guillermo Moreno, con quienes trat\u00f3 el tema del reconocimiento de esta entidad pol\u00edtica, as\u00ed como otros t\u00f3picos de inter\u00e9s nacional.<\/span><\/p>\n<\/p>\n<p><span class=\"text1noticias\">Al ofrecer los detalles del encuentro, el doctor Rosario M\u00e1rquez dijo que el mismo fue muy fruct\u00edfero y que para finales de septiembre o principios del mes de octubre, iniciar\u00e1n los trabajos relativos a las diversas agrupaciones que han solicitado reconocimiento ante esta instituci\u00f3n.<\/span><\/p>\n<\/p>\n<p><span class=\"text1noticias\">El doctor Roberto Rosario M\u00e1rquez dijo que en los pr\u00f3ximos d\u00edas se estar\u00e1n reuniendo con los l\u00edderes de otras organizaciones que tambi\u00e9n solicitaron su reconocimiento ante la (JCE), y la idea es agotar todo este espacio para que en los pr\u00f3ximos d\u00edas espec\u00edficamente para el mes de septiembre o principios de octubre podamos empezar a trabajar estos expedientes para definir cu\u00e1l ser\u00e1 el estatus de estas entidades pol\u00edticas del pa\u00eds.<\/span><\/p>\n<\/p>\n<p><span class=\"text1noticias\">\u00abConvers\u00e1bamos precisamente de este tema con el Presidente del Movimiento \u00abAlianza Pa\u00eds\u00bb, doctor Guillermo Moreno y los dem\u00e1s integrantes de esta comisi\u00f3n que la costumbre de la Junta Central Electoral (JCE), siempre ha sido esperar meses antes de cada proceso electoral, para iniciar los trabajos de reconocimiento, pero siempre hemos dicho que el inter\u00e9s mueve la acci\u00f3n y no hay ninguna raz\u00f3n para que aquel que no ha mostrado inter\u00e9s en obtener su reconocimiento se le de el mismo trato que aquel que ha movido la acci\u00f3n de su reconocimiento y en este caso de \u00abAlianza Pa\u00eds\u00bb, se\u00f1al\u00f3 el magistrado Rosario M\u00e1rquez.<\/span><\/p>\n<\/p>\n<p><span class=\"text1noticias\">De su lado, el Presidente del Movimiento Pol\u00edtico \u00abAlianza Pa\u00eds\u00bb, doctor Guillermo Moreno, expres\u00f3 que como ha explicado el Presidente de la Junta Central Electoral, doctor Roberto Rosario M\u00e1rquez, el    encuentro fue precisamente para conocer todo lo relativo al expediente que la \u00abAlianza Pa\u00eds\u00bb,  que trata de lograr su reconocimiento y as\u00ed poder participar en las venideras elecciones del 2016, enfatiz\u00f3 el dirigente pol\u00edtico.<\/span><\/p>\n<\/p>\n<p><span class=\"text1noticias\">Dijo que Precisamente depositaron ante el Secretar\u00eda General de \u00e9sta Junta Central Electoral todo el expediente completo el seis de mayo del a\u00f1o 2013, a sabiendas de que esto lleva una primera parte del trabajo burocr\u00e1tico y una segunda parte que es la parte final que tiene que ver con la labor de inspecci\u00f3n. <\/span><\/p>\n<\/p>\n<p><span class=\"text1noticias\">Adem\u00e1s que durante el encuentro con el Presidente de la JCE recibieron  la buena nueva del  doctor Roberto Rosario M\u00e1rquez, de que en curso del mes de septiembre o principios de octubre pr\u00f3ximos se va completar esa segunda fase de la labor de inspector\u00eda o trabajo de campo que se realiza en distintas comunidades y en los distintos locales con los equipos que conforman en este caso el Movimiento \u00abAlianza Pa\u00eds, lo cual es muy importante porque en pocos meses la entidad, que es una realidad pol\u00edtica nacional, podr\u00e1 obtener el reconocimiento legal como partido pol\u00edtico.(HG)<\/span>.<\/p>\n<h6> 2014-08-18 22:58:23 <\/h6>\n<p><!--\n<link rel=\"stylesheet\" href=\"css\/bootstrap.min.css\">\n\n\n<ul class=\"pagination\">\n\t    \n\t\n\n<li >\n\t<a href='?page_no=14794'>Previous<\/a>\n\t<\/li>\n\n\n       \n    \n\n<li><a href='?page_no=1'>1<\/a><\/li>\n\n\n\n<li><a href='?page_no=2'>2<\/a><\/li>\n\n\n\n<li><a>...<\/a><\/li>\n\n\n\n<li><a href='?page_no=14793'>14793<\/a><\/li>\n\n\n\n<li><a href='?page_no=14794'>14794<\/a><\/li>\n\n\n\n<li class='active'><a>14795<\/a><\/li>\n\n\n\n<li><a href='?page_no=14796'>14796<\/a><\/li>\n\n\n\n<li><a href='?page_no=14797'>14797<\/a><\/li>\n\n\n\n<li><a>...<\/a><\/li>\n\n\n\n<li><a href='?page_no=36999'>36999<\/a><\/li>\n\n\n\n<li><a href='?page_no=37000'>37000<\/a><\/li>\n\n    \n\t\n\n<li >\n\t<a href='?page_no=14796'>Next<\/a>\n\t<\/li>\n\n\n    \n\n<li><a href='?page_no=37000'>Last &rsaquo;&rsaquo;<\/a><\/li>\n\n<\/ul>\n\n\n--><br \/>\n<\/body><\/p>\n","protected":false},"excerpt":{"rendered":"<p>Santo Domingo, RD, 17 de Agosto.-El Presidente de la Junta Central Electoral (JCE), Magistrado Roberto Rosario M\u00e1rquez, recibi\u00f3 en su despacho, una delegaci\u00f3n del movimiento \u00abAlianza Pa\u00eds\u00bb, encabezada por el doctor Guillermo Moreno, con quienes trat\u00f3 el tema del reconocimiento de esta entidad pol\u00edtica, as\u00ed como otros t\u00f3picos de inter\u00e9s nacional. Al ofrecer los detalles [&hellip;]<\/p>\n","protected":false},"author":3,"featured_media":0,"comment_status":"open","ping_status":"open","sticky":false,"template":"","format":"standard","meta":{"footnotes":""},"categories":[22],"tags":[],"class_list":["post-162383","post","type-post","status-publish","format-standard","hentry","category-politica"],"_links":{"self":[{"href":"https:\/\/diariodominicano.com\/index.php?rest_route=\/wp\/v2\/posts\/162383","targetHints":{"allow":["GET"]}}],"collection":[{"href":"https:\/\/diariodominicano.com\/index.php?rest_route=\/wp\/v2\/posts"}],"about":[{"href":"https:\/\/diariodominicano.com\/index.php?rest_route=\/wp\/v2\/types\/post"}],"author":[{"embeddable":true,"href":"https:\/\/diariodominicano.com\/index.php?rest_route=\/wp\/v2\/users\/3"}],"replies":[{"embeddable":true,"href":"https:\/\/diariodominicano.com\/index.php?rest_route=%2Fwp%2Fv2%2Fcomments&post=162383"}],"version-history":[{"count":0,"href":"https:\/\/diariodominicano.com\/index.php?rest_route=\/wp\/v2\/posts\/162383\/revisions"}],"wp:attachment":[{"href":"https:\/\/diariodominicano.com\/index.php?rest_route=%2Fwp%2Fv2%2Fmedia&parent=162383"}],"wp:term":[{"taxonomy":"category","embeddable":true,"href":"https:\/\/diariodominicano.com\/index.php?rest_route=%2Fwp%2Fv2%2Fcategories&post=162383"},{"taxonomy":"post_tag","embeddable":true,"href":"https:\/\/diariodominicano.com\/index.php?rest_route=%2Fwp%2Fv2%2Ftags&post=162383"}],"curies":[{"name":"wp","href":"https:\/\/api.w.org\/{rel}","templated":true}]}}