{"id":162382,"date":"2014-08-19T13:26:54","date_gmt":"2014-08-19T13:26:54","guid":{"rendered":"http:\/\/diariodominicano.ddns.net\/?p=162382"},"modified":"2014-08-19T13:26:54","modified_gmt":"2014-08-19T13:26:54","slug":"pld-advierte-existe-conspiracion-internacional-contra-sector-electrico-de-rd","status":"publish","type":"post","link":"https:\/\/diariodominicano.com\/?p=162382","title":{"rendered":"PLD advierte existe conspiraci\u00f3n internacional contra sector el\u00e9ctrico de RD"},"content":{"rendered":"<p><body><\/p>\n<p><img decoding=\"async\" src=\"img3\/morada 19.jpg\" \/><br \/><img decoding=\"async\" src=\"img3\/cede 19.jpg\" \/>  <\/p>\n<p>Santo Domingo RD 19 agosto.- El Partido de la Liberaci\u00f3n Dominicana (PLD), mediante su \u00f3rgano de difusi\u00f3n, Vanguardia del Pueblo en su formato digital, advierte sobre la existencia de una \u00abconspiraci\u00f3n nacional e internacional en procura de impedir el cierre del paquete financiero para la erecci\u00f3n del parque t\u00e9rmico a carb\u00f3n de 750 megavatios de Punta Catalina\u00bb. <\/p>\n<\/p>\n<p>El objetivo final de las acciones realizadas por una  parte  del sector generador nacional y extranjero procura maniatar al Estado en su prop\u00f3sito de reducir el costo de la energ\u00eda para todos los usuarios. <\/p>\n<\/p>\n<p>En el segmento Hablan los Hechos de la secci\u00f3n Econom\u00eda del portal de Vanguardia del pueblo (www.vanguardiadelpueblo.do) se despliega un amplio trabajo del analista econ\u00f3mico, Pedro Caba, veterano comunicador,  presentando los hechos que sustentan estas informaciones y con el cual apertura el trabajo bajo el ep\u00edgrafe \u00abNecesaria alianza p\u00fablico-privada. Las plantas a carb\u00f3n le otorgar\u00e1n capacidad negociadora al Estado. <\/p>\n<\/p>\n<p>\u00abLa acci\u00f3n conspirativa est\u00e1 dirigida por parte del sector generador nacional y extranjero que se asoci\u00f3 al Estado en el subsector el\u00e9ctrico, convencido de que el pa\u00eds est\u00e1 a las puertas de ser beneficiario de la estrategia de Estados Unidos de suplir de gas natural sobrante a los socios de sus acuerdos de libre mercado que m\u00e1s lo necesiten\u00bb se destaca en el escrito. <\/p>\n<\/p>\n<p>El especialista desarrolla  LA tesis de que el sector el\u00e9ctrico en el pa\u00eds y otros de la regi\u00f3n, est\u00e1 conminado a hacerse eficiente a partir de combustibles m\u00e1s baratos como el carb\u00f3n mineral y el gas natural, por lo que saluda las iniciativas que ha propiciado la Corporaci\u00f3n Dominicana de Empresas El\u00e9ctricas Estatales (CDEEE), bajo la orientaci\u00f3n del Presidente de la Rep\u00fablica, Danilo Medina. <\/p>\n<\/p>\n<p> \u00abEl presidente de la Rep\u00fablica, licenciado Danilo Medina, que es el gran arquitecto de la operaci\u00f3n envolvente p\u00fablica-privada para dar respuesta a la sempiterna crisis el\u00e9ctrica, es la garant\u00eda de que se llegue a feliz t\u00e9rmino, dadas las epis\u00f3dicas debilidades observadas en la CDEEE, que ha cumplido en lo b\u00e1sico el encargo del jefe del Estado,  pero necesita de su permanente supervisi\u00f3n\u00bb se precisa en el articulo ilustrado con gr\u00e1ficos del sector , las fotos del Presidente de la Rep\u00fablica, de Rub\u00e9n Jim\u00e9nez Bichara, vicepresidente ejecutivo de la CDEEE y otras ilustraciones. <\/p>\n<\/p>\n<p>Se   resalta en el trabajo que de forma paciente el sector oficial ha ido cumpliendo las estrategias del Jefe del Estado, quien  desde un principio  hizo saber a todo el sector privado que su presencia en el pa\u00eds era imprescindible para afrontar con \u00e9xito la grave crisis el\u00e9ctrica. <\/p>\n<\/p>\n<p>Al mismo tiempo, instruy\u00f3 iniciar el proyecto La Catalina, convencido de que s\u00f3lo si Estado oferta una proporci\u00f3n importante de nueva generaci\u00f3n a bajo costo operativo, puede reducir la tarifa hasta un 50%. <\/p>\n<\/p>\n<p>Deduce y as\u00ed se afirma en la investigaci\u00f3n   que el presidente Danilo Medina ,  con el sector el\u00e9ctrico oficial,  ha procurado  las debidas asesor\u00edas  para llevar a feliz t\u00e9rmino las soluciones al gran inconveniente  para las actuales  y venideras  generaciones.<\/p>\n<h6> 2014-08-19 13:26:54 <\/h6>\n<p><!--\n<link rel=\"stylesheet\" href=\"css\/bootstrap.min.css\">\n\n\n<ul class=\"pagination\">\n\t    \n\t\n\n<li >\n\t<a href='?page_no=14793'>Previous<\/a>\n\t<\/li>\n\n\n       \n    \n\n<li><a href='?page_no=1'>1<\/a><\/li>\n\n\n\n<li><a href='?page_no=2'>2<\/a><\/li>\n\n\n\n<li><a>...<\/a><\/li>\n\n\n\n<li><a href='?page_no=14792'>14792<\/a><\/li>\n\n\n\n<li><a href='?page_no=14793'>14793<\/a><\/li>\n\n\n\n<li class='active'><a>14794<\/a><\/li>\n\n\n\n<li><a href='?page_no=14795'>14795<\/a><\/li>\n\n\n\n<li><a href='?page_no=14796'>14796<\/a><\/li>\n\n\n\n<li><a>...<\/a><\/li>\n\n\n\n<li><a href='?page_no=36999'>36999<\/a><\/li>\n\n\n\n<li><a href='?page_no=37000'>37000<\/a><\/li>\n\n    \n\t\n\n<li >\n\t<a href='?page_no=14795'>Next<\/a>\n\t<\/li>\n\n\n    \n\n<li><a href='?page_no=37000'>Last &rsaquo;&rsaquo;<\/a><\/li>\n\n<\/ul>\n\n\n--><br \/>\n<\/body><\/p>\n","protected":false},"excerpt":{"rendered":"<p>Santo Domingo RD 19 agosto.- El Partido de la Liberaci\u00f3n Dominicana (PLD), mediante su \u00f3rgano de difusi\u00f3n, Vanguardia del Pueblo en su formato digital, advierte sobre la existencia de una \u00abconspiraci\u00f3n nacional e internacional en procura de impedir el cierre del paquete financiero para la erecci\u00f3n del parque t\u00e9rmico a carb\u00f3n de 750 megavatios de [&hellip;]<\/p>\n","protected":false},"author":3,"featured_media":0,"comment_status":"open","ping_status":"open","sticky":false,"template":"","format":"standard","meta":{"footnotes":""},"categories":[22],"tags":[],"class_list":["post-162382","post","type-post","status-publish","format-standard","hentry","category-politica"],"_links":{"self":[{"href":"https:\/\/diariodominicano.com\/index.php?rest_route=\/wp\/v2\/posts\/162382","targetHints":{"allow":["GET"]}}],"collection":[{"href":"https:\/\/diariodominicano.com\/index.php?rest_route=\/wp\/v2\/posts"}],"about":[{"href":"https:\/\/diariodominicano.com\/index.php?rest_route=\/wp\/v2\/types\/post"}],"author":[{"embeddable":true,"href":"https:\/\/diariodominicano.com\/index.php?rest_route=\/wp\/v2\/users\/3"}],"replies":[{"embeddable":true,"href":"https:\/\/diariodominicano.com\/index.php?rest_route=%2Fwp%2Fv2%2Fcomments&post=162382"}],"version-history":[{"count":0,"href":"https:\/\/diariodominicano.com\/index.php?rest_route=\/wp\/v2\/posts\/162382\/revisions"}],"wp:attachment":[{"href":"https:\/\/diariodominicano.com\/index.php?rest_route=%2Fwp%2Fv2%2Fmedia&parent=162382"}],"wp:term":[{"taxonomy":"category","embeddable":true,"href":"https:\/\/diariodominicano.com\/index.php?rest_route=%2Fwp%2Fv2%2Fcategories&post=162382"},{"taxonomy":"post_tag","embeddable":true,"href":"https:\/\/diariodominicano.com\/index.php?rest_route=%2Fwp%2Fv2%2Ftags&post=162382"}],"curies":[{"name":"wp","href":"https:\/\/api.w.org\/{rel}","templated":true}]}}