{"id":162381,"date":"2014-08-19T20:39:59","date_gmt":"2014-08-19T20:39:59","guid":{"rendered":"http:\/\/diariodominicano.ddns.net\/?p=162381"},"modified":"2014-08-19T20:39:59","modified_gmt":"2014-08-19T20:39:59","slug":"selman-anuncia-seminario-en-seccionales-pld-en-new-york-new-jersey-y-nueva-inglaterra","status":"publish","type":"post","link":"https:\/\/diariodominicano.com\/?p=162381","title":{"rendered":"Selman anuncia seminario en seccionales PLD en New York, New Jersey y Nueva Inglaterra"},"content":{"rendered":"<p><body><\/p>\n<p><img decoding=\"async\" src=\"img3\/Selman2.jpg\" \/>  <\/p>\n<p><span class=\"text1noticias\">Santo domingo, R. D., 19 de agosto.- Durante los d\u00edas s\u00e1bado y domingo de esta semana los dirigentes del Partido de la Liberaci\u00f3n Dominicana, (PLD)  en  New York, New Jersey y Nueva Inglaterra se reunir\u00e1n en asamblea para conciliar los acuerdos arribados en el VIII Congreso Ordinario Comandante Norge Botello en el tema Dominicanos en el Exterior e impartir el seminario Hacia una Nueva Visi\u00f3n de la Formaci\u00f3n Pol\u00edtica\u00bb<\/span><\/p>\n<p><span class=\"text1noticias\"> <\/span><\/p>\n<p><span class=\"text1noticias\">Con tales prop\u00f3sitos viajar\u00e1n a los estados de la uni\u00f3n norteamericana Eduardo Selman, titular de la Secretar\u00eda de Dominicanos y Dominicanas en el exterior, Alejandrina Germ\u00e1n, titular de la Secretar\u00eda de Formaci\u00f3n Pol\u00edtica,  Cesar Prieto, de la Secretar\u00eda de Organizaci\u00f3n y Guarocuya Feliz de la Secretar\u00eda de  Relaciones Internacionales, quienes presidir\u00e1n los dos encuentros que se programaron para realizarse el Nueva York y en Boston<\/span><\/p>\n<p><span class=\"text1noticias\"> <\/span><\/p>\n<p><span class=\"text1noticias\">\u00abEn los seminarios se proceder\u00e1  a analizar  las conclusiones del nuevo dise\u00f1o de la Secretar\u00eda, que debe estar orientada a la relaci\u00f3n del Partido con las comunidades\u00bb explic\u00f3 Eduardo Selman indicando que el s\u00e1bado el encuentro ser\u00e1 en New York para la regional seccional de New Jersey y el propio Nueva York y el domingo en Boston para Nueva Inglaterra.<\/span><\/p>\n<p><span class=\"text1noticias\"> <\/span><\/p>\n<p><span class=\"text1noticias\">En lo que respecta a la Formaci\u00f3n Pol\u00edtica se impartir\u00e1 en las indicadas seccionales de Estados Unidos el seminario \u00abHacia una Nueva Visi\u00f3n de la Formaci\u00f3n Pol\u00edtica\u00bb que se ha presentado con esquema regional en todo el pa\u00eds.<\/span><\/p>\n<p><span class=\"text1noticias\"> <\/span><\/p>\n<p><span class=\"text1noticias\">El seminario organizado por la Secretar\u00eda de Formaci\u00f3n Pol\u00edtica, aplicando el programa aprobado en el reci\u00e9n concluido congreso ordinario, busca  \u00abla oportunidad de desarrollar un liderazgo transformador, comprometido con la modernidad y el progreso\u00bb, se precisa en los prop\u00f3sitos del seminario.<\/span><\/p>\n<p><span class=\"text1noticias\"> <\/span><\/p>\n<p><span class=\"text1noticias\">La  Presentaci\u00f3n del Programa de Formaci\u00f3n Pol\u00edtica, se realiza un esbozo hist\u00f3rico del PLD, se desarrollar\u00e1 el tema de La Teor\u00eda Boschista y se presentar\u00e1n aspectos generales de la Declaraci\u00f3n de Principios del PLD, de \u00c9tica y Disciplina y de la Constituci\u00f3n de la Rep\u00fablica.<\/span><\/p>\n<p><span class=\"text1noticias\"> <\/span><\/p>\n<p><span class=\"text1noticias\">Formaci\u00f3n Pol\u00edtica est\u00e1 abriendo un proceso de reflexi\u00f3n sobre la Teor\u00eda Bochista  para que la dirigencia del partido morado sea capaz de afrontar con eficacia los diversos y desafiantes retos del presente y del f<\/span>uturo.<\/p>\n<h6> 2014-08-19 20:39:59 <\/h6>\n<p><!--\n<link rel=\"stylesheet\" href=\"css\/bootstrap.min.css\">\n\n\n<ul class=\"pagination\">\n\t    \n\t\n\n<li >\n\t<a href='?page_no=14792'>Previous<\/a>\n\t<\/li>\n\n\n       \n    \n\n<li><a href='?page_no=1'>1<\/a><\/li>\n\n\n\n<li><a href='?page_no=2'>2<\/a><\/li>\n\n\n\n<li><a>...<\/a><\/li>\n\n\n\n<li><a href='?page_no=14791'>14791<\/a><\/li>\n\n\n\n<li><a href='?page_no=14792'>14792<\/a><\/li>\n\n\n\n<li class='active'><a>14793<\/a><\/li>\n\n\n\n<li><a href='?page_no=14794'>14794<\/a><\/li>\n\n\n\n<li><a href='?page_no=14795'>14795<\/a><\/li>\n\n\n\n<li><a>...<\/a><\/li>\n\n\n\n<li><a href='?page_no=36999'>36999<\/a><\/li>\n\n\n\n<li><a href='?page_no=37000'>37000<\/a><\/li>\n\n    \n\t\n\n<li >\n\t<a href='?page_no=14794'>Next<\/a>\n\t<\/li>\n\n\n    \n\n<li><a href='?page_no=37000'>Last &rsaquo;&rsaquo;<\/a><\/li>\n\n<\/ul>\n\n\n--><br \/>\n<\/body><\/p>\n","protected":false},"excerpt":{"rendered":"<p>Santo domingo, R. D., 19 de agosto.- Durante los d\u00edas s\u00e1bado y domingo de esta semana los dirigentes del Partido de la Liberaci\u00f3n Dominicana, (PLD) en New York, New Jersey y Nueva Inglaterra se reunir\u00e1n en asamblea para conciliar los acuerdos arribados en el VIII Congreso Ordinario Comandante Norge Botello en el tema Dominicanos en [&hellip;]<\/p>\n","protected":false},"author":3,"featured_media":0,"comment_status":"open","ping_status":"open","sticky":false,"template":"","format":"standard","meta":{"footnotes":""},"categories":[22],"tags":[],"class_list":["post-162381","post","type-post","status-publish","format-standard","hentry","category-politica"],"_links":{"self":[{"href":"https:\/\/diariodominicano.com\/index.php?rest_route=\/wp\/v2\/posts\/162381","targetHints":{"allow":["GET"]}}],"collection":[{"href":"https:\/\/diariodominicano.com\/index.php?rest_route=\/wp\/v2\/posts"}],"about":[{"href":"https:\/\/diariodominicano.com\/index.php?rest_route=\/wp\/v2\/types\/post"}],"author":[{"embeddable":true,"href":"https:\/\/diariodominicano.com\/index.php?rest_route=\/wp\/v2\/users\/3"}],"replies":[{"embeddable":true,"href":"https:\/\/diariodominicano.com\/index.php?rest_route=%2Fwp%2Fv2%2Fcomments&post=162381"}],"version-history":[{"count":0,"href":"https:\/\/diariodominicano.com\/index.php?rest_route=\/wp\/v2\/posts\/162381\/revisions"}],"wp:attachment":[{"href":"https:\/\/diariodominicano.com\/index.php?rest_route=%2Fwp%2Fv2%2Fmedia&parent=162381"}],"wp:term":[{"taxonomy":"category","embeddable":true,"href":"https:\/\/diariodominicano.com\/index.php?rest_route=%2Fwp%2Fv2%2Fcategories&post=162381"},{"taxonomy":"post_tag","embeddable":true,"href":"https:\/\/diariodominicano.com\/index.php?rest_route=%2Fwp%2Fv2%2Ftags&post=162381"}],"curies":[{"name":"wp","href":"https:\/\/api.w.org\/{rel}","templated":true}]}}