{"id":162380,"date":"2014-08-19T23:59:23","date_gmt":"2014-08-19T23:59:23","guid":{"rendered":"http:\/\/diariodominicano.ddns.net\/?p=162380"},"modified":"2014-08-19T23:59:23","modified_gmt":"2014-08-19T23:59:23","slug":"leonel-fernandez-dice-se-requiere-mayor-participacion-del-sector-agropecuario-en-la-produccion-de-riquezas","status":"publish","type":"post","link":"https:\/\/diariodominicano.com\/?p=162380","title":{"rendered":"Leonel Fern\u00e1ndez dice se requiere mayor participaci\u00f3n del sector agropecuario en la producci\u00f3n de riquezas"},"content":{"rendered":"<p><body><\/p>\n<p><img decoding=\"async\" src=\"img3\/leonel.jpg\" \/>  <\/p>\n<p><span class=\"text1noticias\">Guatemala, 19 de Agosto.-El expresidente de la Rep\u00fablica y presidente de la Fundaci\u00f3n Global Democracia y Desarrollo, doctor Leonel Fern\u00e1ndez destac\u00f3 que si se quiere tener \u00abseguridad alimentaria, autosuficiencia alimentaria\u00bb se requiere una mayor participaci\u00f3n del sector agropecuario en el conjunto de la producci\u00f3n de la riqueza nacional\u00bb.<\/span><\/p>\n<\/p>\n<p><span class=\"text1noticias\">Se\u00f1al\u00f3 que en Guatemala como en cualquier pa\u00eds, antes de que la poblaci\u00f3n pueda tener acceso a una seguridad alimentaria de calidad y de cantidad, es clave que se defina cu\u00e1l es el nivel que se le otorga al sector agropecuario dentro del conjunto de producci\u00f3n de la riqueza nacional para poder garantizar la seguridad alimentaria y nutricional.<\/span><\/p>\n<\/p>\n<p><span class=\"text1noticias\">El exjefe de Estado se refiri\u00f3 al tema al encabezar la mesa de trabajo \u00abFortaleciendo el Tejido Social: Desarrollo Municipal y Seguridad Alimentaria Nutricional\u00bb, en el marco del V Foro Regional Esquipulas: Hacia un Nuevo Modelo Econ\u00f3mico y social para la Regi\u00f3n, que se celebra en esta naci\u00f3n centroamericana.<\/span><\/p>\n<\/p>\n<p><span class=\"text1noticias\">Fern\u00e1ndez dijo que ha podido observar que en Am\u00e9rica Latina y el mundo hay una disminuci\u00f3n del nivel de participaci\u00f3n del sector agropecuario en el Producto Interno Bruto de los pa\u00edses.<\/span><\/p>\n<\/p>\n<p><span class=\"text1noticias\">Sobre el tema de la seguridad alimentaria, Fern\u00e1ndez se refiri\u00f3 a la iniciativa presentada durante su gobierno ante la Asamblea de las Naciones Unidas en torno a la volatilidad en los Precios de los Alimentos y el alza en el precio de los combustibles.<\/span><\/p>\n<\/p>\n<p><span class=\"text1noticias\">Fern\u00e1ndez record\u00f3 que en el a\u00f1o 2000, el petr\u00f3leo se cotizaba a 11 d\u00f3lares el barril y que en en el a\u00f1o 2008 subi\u00f3 a 147 d\u00f3lares y que tuvo un desplome en seis meses, de 30 d\u00f3lares. Explic\u00f3 que lo mismo pasaba con los precios del arroz, el trigo y otros productos b\u00e1sicos que se desplomaron. <\/span><\/p>\n<\/p>\n<p><span class=\"text1noticias\">Inform\u00f3 que en el G77 se aprob\u00f3 establecer una regulaci\u00f3n a esa situaci\u00f3n y que tanto Estados Unidos como la Uni\u00f3n Europea han puesto un control al fen\u00f3meno de la especulaci\u00f3n financiera de contratos a futuro y de los commodities.<\/span><\/p>\n<\/p>\n<p><span class=\"text1noticias\">Fern\u00e1ndez dijo que a los problemas globales hay que prestarle antenci\u00f3n, ya que inciden en todos los pa\u00edses y que de ah\u00ed la importancia de la integraci\u00f3n regional, centroamericana y de toda Am\u00e9rica Latina y el Caribe en el marco de la Celac para que sirva como su voz de representaci\u00f3n en todo el mundo.<\/span><\/p>\n<\/p>\n<p><span class=\"text1noticias\">El tambi\u00e9n presidente del Partido de la Liberaci\u00f3n Dominicana mostr\u00f3 su gratitud por la invitaci\u00f3n que le hiciera la Fundaci\u00f3n Esquipulas para trabajar en las discusiones del tema principal del evento.<\/span><\/p>\n<\/p>\n<p><span class=\"text1noticias\">La mesa de trabajo encabeza por Fern\u00e1ndez estuvo integrada por Patricia Palma, directora del Programa de Seguridad Alimentaria y Nutricional en Centroam\u00e9rica (PRESANCA) y como comentarista fungi\u00f3 Luis Enrique Monterroso, secretario de Seguridad Alimentaria y Nutricional de Guatemala. <\/span><\/p>\n<\/p>\n<p><span class=\"text1noticias\">Los presidentes de Guatemala y Ecuador, Otto P\u00e9rez Molina y Rafael Correa respectivamente, as\u00ed como el presidente de la Fundaci\u00f3n Esquipulas y exmandatario de Guatemala, Vinicio Cerezo, tuvieron a cargo los discursos de inauguraci\u00f3n del V Foro Regional Esquipulas, al que tambi\u00e9n asistieron otros siete exjefes de Estado latinoamericanos.(HG)<\/span>.<\/p>\n<h6> 2014-08-19 23:59:23 <\/h6>\n<p><!--\n<link rel=\"stylesheet\" href=\"css\/bootstrap.min.css\">\n\n\n<ul class=\"pagination\">\n\t    \n\t\n\n<li >\n\t<a href='?page_no=14791'>Previous<\/a>\n\t<\/li>\n\n\n       \n    \n\n<li><a href='?page_no=1'>1<\/a><\/li>\n\n\n\n<li><a href='?page_no=2'>2<\/a><\/li>\n\n\n\n<li><a>...<\/a><\/li>\n\n\n\n<li><a href='?page_no=14790'>14790<\/a><\/li>\n\n\n\n<li><a href='?page_no=14791'>14791<\/a><\/li>\n\n\n\n<li class='active'><a>14792<\/a><\/li>\n\n\n\n<li><a href='?page_no=14793'>14793<\/a><\/li>\n\n\n\n<li><a href='?page_no=14794'>14794<\/a><\/li>\n\n\n\n<li><a>...<\/a><\/li>\n\n\n\n<li><a href='?page_no=36999'>36999<\/a><\/li>\n\n\n\n<li><a href='?page_no=37000'>37000<\/a><\/li>\n\n    \n\t\n\n<li >\n\t<a href='?page_no=14793'>Next<\/a>\n\t<\/li>\n\n\n    \n\n<li><a href='?page_no=37000'>Last &rsaquo;&rsaquo;<\/a><\/li>\n\n<\/ul>\n\n\n--><br \/>\n<\/body><\/p>\n","protected":false},"excerpt":{"rendered":"<p>Guatemala, 19 de Agosto.-El expresidente de la Rep\u00fablica y presidente de la Fundaci\u00f3n Global Democracia y Desarrollo, doctor Leonel Fern\u00e1ndez destac\u00f3 que si se quiere tener \u00abseguridad alimentaria, autosuficiencia alimentaria\u00bb se requiere una mayor participaci\u00f3n del sector agropecuario en el conjunto de la producci\u00f3n de la riqueza nacional\u00bb. Se\u00f1al\u00f3 que en Guatemala como en cualquier [&hellip;]<\/p>\n","protected":false},"author":3,"featured_media":0,"comment_status":"open","ping_status":"open","sticky":false,"template":"","format":"standard","meta":{"footnotes":""},"categories":[22],"tags":[],"class_list":["post-162380","post","type-post","status-publish","format-standard","hentry","category-politica"],"_links":{"self":[{"href":"https:\/\/diariodominicano.com\/index.php?rest_route=\/wp\/v2\/posts\/162380","targetHints":{"allow":["GET"]}}],"collection":[{"href":"https:\/\/diariodominicano.com\/index.php?rest_route=\/wp\/v2\/posts"}],"about":[{"href":"https:\/\/diariodominicano.com\/index.php?rest_route=\/wp\/v2\/types\/post"}],"author":[{"embeddable":true,"href":"https:\/\/diariodominicano.com\/index.php?rest_route=\/wp\/v2\/users\/3"}],"replies":[{"embeddable":true,"href":"https:\/\/diariodominicano.com\/index.php?rest_route=%2Fwp%2Fv2%2Fcomments&post=162380"}],"version-history":[{"count":0,"href":"https:\/\/diariodominicano.com\/index.php?rest_route=\/wp\/v2\/posts\/162380\/revisions"}],"wp:attachment":[{"href":"https:\/\/diariodominicano.com\/index.php?rest_route=%2Fwp%2Fv2%2Fmedia&parent=162380"}],"wp:term":[{"taxonomy":"category","embeddable":true,"href":"https:\/\/diariodominicano.com\/index.php?rest_route=%2Fwp%2Fv2%2Fcategories&post=162380"},{"taxonomy":"post_tag","embeddable":true,"href":"https:\/\/diariodominicano.com\/index.php?rest_route=%2Fwp%2Fv2%2Ftags&post=162380"}],"curies":[{"name":"wp","href":"https:\/\/api.w.org\/{rel}","templated":true}]}}