{"id":162379,"date":"2014-08-20T04:28:57","date_gmt":"2014-08-20T04:28:57","guid":{"rendered":"http:\/\/diariodominicano.ddns.net\/?p=162379"},"modified":"2014-08-20T04:28:57","modified_gmt":"2014-08-20T04:28:57","slug":"condenan-con-sumatoria-de-153-anos-de-prision-a-diez-imputados-de-varios-crimenes-y-delitos","status":"publish","type":"post","link":"https:\/\/diariodominicano.com\/?p=162379","title":{"rendered":"Condenan con sumatoria de 153 a\u00f1os de prisi\u00f3n a diez imputados  de varios cr\u00edmenes y delitos"},"content":{"rendered":"<p><body><\/p>\n<\/p>\n<p><span class=\"text1noticias\">SAN FRANCISCO DE MACORIS, Provincia Duarte, 19 de Agosto de 2014.- El Ministerio P\u00fablico, a trav\u00e9s de la Procuradur\u00eda Fiscal del Departamento Judicial de la provincia Duarte, logr\u00f3 que fueran impuestos en sumatoria 153 a\u00f1os de prisi\u00f3n contra diez imputados acusados de varios delitos.<\/span><\/p>\n<\/p>\n<p><span class=\"text1noticias\">Dentro de los condenados se encuentran Jes\u00fas Ram\u00f3n Taveras Betances y Luis Manuel Aracena L\u00f3pez, ambos sentenciados a 30 a\u00f1os de prisi\u00f3n tras ser hallados culpables de cometer el delito de homicidio agravado.<\/span><\/p>\n<\/p>\n<p><span class=\"text1noticias\">Tambi\u00e9n fueron sentenciados por separado a 20 a\u00f1os de prisi\u00f3n los procesados Wilmi Mu\u00f1oz Castillo, Luis Robel\u00e1n Mu\u00f1oz Castillo, Luis Alberto D\u00edaz y Theurys Romero Cruz, por los delitos de homicidio, asociaci\u00f3n de malhechores y robo.<\/span><\/p>\n<\/p>\n<p><span class=\"text1noticias\">Las penas fueron impuestas por el Tribunal Colegiado de la citada jurisdicci\u00f3n luego que la Procuradur\u00eda Fiscal de la provincia Duarte, que encabeza el magistrado Regis Victorio Reyes, demostrara que los encartados cometieron los delitos imputados, por los cuales fueron acusados de violar varios art\u00edculos del C\u00f3digo Penal Dominicano y la Ley 24-97 sobre Violencia de G\u00e9nero.  <\/span><\/p>\n<\/p>\n<p><span class=\"text1noticias\">El Ministerio P\u00fablico de la provincia Duarte tambi\u00e9n consigui\u00f3 que fueran condenados a penas de 5, cuatro y tres a\u00f1os de prisi\u00f3n por hechos de violencia de g\u00e9nero y agresi\u00f3n sexual, los imputados Regino Hern\u00e1ndez, Juan Carlos Gabriel Rosa y Jos\u00e9 Ren\u00e9 Duarte, respectivamente, mientras que Birmania D\u00edaz Amparo, fue condenada a  un a\u00f1o de prisi\u00f3n por agresi\u00f3n f\u00edsica.<\/span><\/p>\n<\/p>\n<\/p>\n<\/p>\n<h6> 2014-08-20 04:28:57 <\/h6>\n<p><!--\n<link rel=\"stylesheet\" href=\"css\/bootstrap.min.css\">\n\n\n<ul class=\"pagination\">\n\t    \n\t\n\n<li >\n\t<a href='?page_no=14790'>Previous<\/a>\n\t<\/li>\n\n\n       \n    \n\n<li><a href='?page_no=1'>1<\/a><\/li>\n\n\n\n<li><a href='?page_no=2'>2<\/a><\/li>\n\n\n\n<li><a>...<\/a><\/li>\n\n\n\n<li><a href='?page_no=14789'>14789<\/a><\/li>\n\n\n\n<li><a href='?page_no=14790'>14790<\/a><\/li>\n\n\n\n<li class='active'><a>14791<\/a><\/li>\n\n\n\n<li><a href='?page_no=14792'>14792<\/a><\/li>\n\n\n\n<li><a href='?page_no=14793'>14793<\/a><\/li>\n\n\n\n<li><a>...<\/a><\/li>\n\n\n\n<li><a href='?page_no=36999'>36999<\/a><\/li>\n\n\n\n<li><a href='?page_no=37000'>37000<\/a><\/li>\n\n    \n\t\n\n<li >\n\t<a href='?page_no=14792'>Next<\/a>\n\t<\/li>\n\n\n    \n\n<li><a href='?page_no=37000'>Last &rsaquo;&rsaquo;<\/a><\/li>\n\n<\/ul>\n\n\n--><br \/>\n<\/body><\/p>\n","protected":false},"excerpt":{"rendered":"<p>SAN FRANCISCO DE MACORIS, Provincia Duarte, 19 de Agosto de 2014.- El Ministerio P\u00fablico, a trav\u00e9s de la Procuradur\u00eda Fiscal del Departamento Judicial de la provincia Duarte, logr\u00f3 que fueran impuestos en sumatoria 153 a\u00f1os de prisi\u00f3n contra diez imputados acusados de varios delitos. Dentro de los condenados se encuentran Jes\u00fas Ram\u00f3n Taveras Betances y [&hellip;]<\/p>\n","protected":false},"author":3,"featured_media":0,"comment_status":"open","ping_status":"open","sticky":false,"template":"","format":"standard","meta":{"footnotes":""},"categories":[22],"tags":[],"class_list":["post-162379","post","type-post","status-publish","format-standard","hentry","category-politica"],"_links":{"self":[{"href":"https:\/\/diariodominicano.com\/index.php?rest_route=\/wp\/v2\/posts\/162379","targetHints":{"allow":["GET"]}}],"collection":[{"href":"https:\/\/diariodominicano.com\/index.php?rest_route=\/wp\/v2\/posts"}],"about":[{"href":"https:\/\/diariodominicano.com\/index.php?rest_route=\/wp\/v2\/types\/post"}],"author":[{"embeddable":true,"href":"https:\/\/diariodominicano.com\/index.php?rest_route=\/wp\/v2\/users\/3"}],"replies":[{"embeddable":true,"href":"https:\/\/diariodominicano.com\/index.php?rest_route=%2Fwp%2Fv2%2Fcomments&post=162379"}],"version-history":[{"count":0,"href":"https:\/\/diariodominicano.com\/index.php?rest_route=\/wp\/v2\/posts\/162379\/revisions"}],"wp:attachment":[{"href":"https:\/\/diariodominicano.com\/index.php?rest_route=%2Fwp%2Fv2%2Fmedia&parent=162379"}],"wp:term":[{"taxonomy":"category","embeddable":true,"href":"https:\/\/diariodominicano.com\/index.php?rest_route=%2Fwp%2Fv2%2Fcategories&post=162379"},{"taxonomy":"post_tag","embeddable":true,"href":"https:\/\/diariodominicano.com\/index.php?rest_route=%2Fwp%2Fv2%2Ftags&post=162379"}],"curies":[{"name":"wp","href":"https:\/\/api.w.org\/{rel}","templated":true}]}}