{"id":162376,"date":"2014-08-20T14:25:32","date_gmt":"2014-08-20T14:25:32","guid":{"rendered":"http:\/\/diariodominicano.ddns.net\/?p=162376"},"modified":"2014-08-20T14:25:32","modified_gmt":"2014-08-20T14:25:32","slug":"balagueristas-ny-apoyan-posicion-presidente-prsc-sobre-tema-electrico-rd","status":"publish","type":"post","link":"https:\/\/diariodominicano.com\/?p=162376","title":{"rendered":"Balagueristas NY apoyan posici\u00f3n presidente PRSC sobre tema el\u00e9ctrico RD"},"content":{"rendered":"<p><body><\/p>\n<p><img decoding=\"async\" src=\"img3\/antun 20.jpg\" \/>  <\/p>\n<p>Nueva York 20 agosto.- La direcci\u00f3n ejecutiva del movimiento pol\u00edtico \u00abBalagueristas Siempre\u00bb, en su acostumbrada reuni\u00f3n mensual, decidi\u00f3 apoyar la posici\u00f3n asumida recientemente por el presidente del Partido Reformista Social Cristiano (PRSC), ingeniero Federico Ant\u00fan Batlle, sobre el tema el\u00e9ctrico en la Rep\u00fablica Dominicana.<\/p>\n<\/p>\n<p> Ram\u00f3n Mercedes, presidente de \u00abBASIEMPRE\u00bb en La Gran Manzana y hablando a nombre de los dem\u00e1s, manifest\u00f3 que lo expresado por el ingeniero Ant\u00fan Batlle de que el presidente Danilo Medina no debe ceder ante las presiones de algunos sectores que se oponen a la instalaci\u00f3n de nuevas plantas, debe tambi\u00e9n ser apoyado por los sectores sensatos y que se preocupan  por el bienestar del pa\u00eds.<\/p>\n<\/p>\n<p> El dirigente balaguerista tambi\u00e9n coincidi\u00f3 con el presidente del PRSC de que esos sectores no piensan en la naci\u00f3n sino en sus intereses particulares, y por eso aspiran a mantener el actual esquema que les produce beneficios millonarios, aunque al pueblo se los lleve \u00absatan\u00e1s\u00bb, dijo.<\/p>\n<\/p>\n<p> \u00abEl gobierno no puede echar anualmente 1,500 millones de d\u00f3lares al zafac\u00f3n, equivalente a m\u00e1s de 64 mil millones de pesos dominicanos, y al a\u00f1o siguiente hacer lo mismo, y por eso el Presidente dispuso la construcci\u00f3n de la Central Termoel\u00e9ctrica en Punta Catalina, Ban\u00ed, que viene a solucionar dicho problema, como lo ha sostenido el vicepresidente de la CDEEE, licenciado Rub\u00e9n Bichara\u00bb, sostuvo.<\/p>\n<\/p>\n<p> Mercedes record\u00f3 lo manifestado por el presidente Medina en el pasado reciente cuando expres\u00f3, \u00abestoy chocando con intereses muy fuertes\u00bb que no quieren que el Estado intervenga en la producci\u00f3n de energ\u00eda a precios asequibles para la sociedad. \u00ab\u00a1No hay quien aguante ese fuete!\u00bb, se expres\u00f3 as\u00ed en Neiba para quejarse de los enormes gastos en el sistema el\u00e9ctrico del pa\u00eds.<\/p>\n<\/p>\n<p> Tambi\u00e9n durante su intervenci\u00f3n en el Palacio Nacional, este martes d\u00eda 19, el mandatario afirm\u00f3 \u00abprimera vez hay una meta clara de lo que se quiere en el sector en el pa\u00eds, pero \u00absiente que con la planta a carb\u00f3n hay una conspiraci\u00f3n\u00bb, por lo que llam\u00f3 a la poblaci\u00f3n a apoyar esta iniciativa.<\/p>\n<\/p>\n<p> El reconocido dirigente pol\u00edtico en la Metr\u00f3poli aval\u00f3 al presidente del PRSC cuando afirma que en dominicana existe una \u00abtremenda deuda social acumulada\u00bb y mientras se mantenga el elevado nivel del subsidio al sistema el\u00e9ctrico, no habr\u00e1 recursos para invertir en la atenci\u00f3n a los problemas sociales, porque no hay posibilidad de retribuir el ingreso, crear empleos y disminuir las desigualdades sociales, mientras los recursos que genera el pa\u00eds se utilicen para el pago de la deuda externa y subsidiar a los generadores el\u00e9ctricos, estando sus plantas apagadas, ya que resulta m\u00e1s barato mantenerla apagada que prendida\u00bb.<\/p>\n<\/p>\n<p> Asimismo, Mercedes subray\u00f3 que quienes est\u00e1n tratando y presionando al mandatario para prolongar el funcionamiento de 34 plantas ineficientes que operan b\u00e1sicamente con petr\u00f3leo caro, quedan al descubierto que son insensibles hacia las necesidades leg\u00edtimas nacionales, maltratan y desconocen los m\u00e1s elementales sentimientos e intereses de nuestra sociedad, como es defender el erario p\u00fablico, para que el mandatario pueda seguir invirtiendo en la agricultura, educaci\u00f3n y combatir la pobreza, concluy\u00f3.<\/p>\n<h6> 2014-08-20 14:25:32 <\/h6>\n<p><!--\n<link rel=\"stylesheet\" href=\"css\/bootstrap.min.css\">\n\n\n<ul class=\"pagination\">\n\t    \n\t\n\n<li >\n\t<a href='?page_no=14788'>Previous<\/a>\n\t<\/li>\n\n\n       \n    \n\n<li><a href='?page_no=1'>1<\/a><\/li>\n\n\n\n<li><a href='?page_no=2'>2<\/a><\/li>\n\n\n\n<li><a>...<\/a><\/li>\n\n\n\n<li><a href='?page_no=14787'>14787<\/a><\/li>\n\n\n\n<li><a href='?page_no=14788'>14788<\/a><\/li>\n\n\n\n<li class='active'><a>14789<\/a><\/li>\n\n\n\n<li><a href='?page_no=14790'>14790<\/a><\/li>\n\n\n\n<li><a href='?page_no=14791'>14791<\/a><\/li>\n\n\n\n<li><a>...<\/a><\/li>\n\n\n\n<li><a href='?page_no=36999'>36999<\/a><\/li>\n\n\n\n<li><a href='?page_no=37000'>37000<\/a><\/li>\n\n    \n\t\n\n<li >\n\t<a href='?page_no=14790'>Next<\/a>\n\t<\/li>\n\n\n    \n\n<li><a href='?page_no=37000'>Last &rsaquo;&rsaquo;<\/a><\/li>\n\n<\/ul>\n\n\n--><br \/>\n<\/body><\/p>\n","protected":false},"excerpt":{"rendered":"<p>Nueva York 20 agosto.- La direcci\u00f3n ejecutiva del movimiento pol\u00edtico \u00abBalagueristas Siempre\u00bb, en su acostumbrada reuni\u00f3n mensual, decidi\u00f3 apoyar la posici\u00f3n asumida recientemente por el presidente del Partido Reformista Social Cristiano (PRSC), ingeniero Federico Ant\u00fan Batlle, sobre el tema el\u00e9ctrico en la Rep\u00fablica Dominicana. Ram\u00f3n Mercedes, presidente de \u00abBASIEMPRE\u00bb en La Gran Manzana y hablando [&hellip;]<\/p>\n","protected":false},"author":3,"featured_media":0,"comment_status":"open","ping_status":"open","sticky":false,"template":"","format":"standard","meta":{"footnotes":""},"categories":[22],"tags":[],"class_list":["post-162376","post","type-post","status-publish","format-standard","hentry","category-politica"],"_links":{"self":[{"href":"https:\/\/diariodominicano.com\/index.php?rest_route=\/wp\/v2\/posts\/162376","targetHints":{"allow":["GET"]}}],"collection":[{"href":"https:\/\/diariodominicano.com\/index.php?rest_route=\/wp\/v2\/posts"}],"about":[{"href":"https:\/\/diariodominicano.com\/index.php?rest_route=\/wp\/v2\/types\/post"}],"author":[{"embeddable":true,"href":"https:\/\/diariodominicano.com\/index.php?rest_route=\/wp\/v2\/users\/3"}],"replies":[{"embeddable":true,"href":"https:\/\/diariodominicano.com\/index.php?rest_route=%2Fwp%2Fv2%2Fcomments&post=162376"}],"version-history":[{"count":0,"href":"https:\/\/diariodominicano.com\/index.php?rest_route=\/wp\/v2\/posts\/162376\/revisions"}],"wp:attachment":[{"href":"https:\/\/diariodominicano.com\/index.php?rest_route=%2Fwp%2Fv2%2Fmedia&parent=162376"}],"wp:term":[{"taxonomy":"category","embeddable":true,"href":"https:\/\/diariodominicano.com\/index.php?rest_route=%2Fwp%2Fv2%2Fcategories&post=162376"},{"taxonomy":"post_tag","embeddable":true,"href":"https:\/\/diariodominicano.com\/index.php?rest_route=%2Fwp%2Fv2%2Ftags&post=162376"}],"curies":[{"name":"wp","href":"https:\/\/api.w.org\/{rel}","templated":true}]}}