{"id":162375,"date":"2014-08-20T16:46:30","date_gmt":"2014-08-20T16:46:30","guid":{"rendered":"http:\/\/diariodominicano.ddns.net\/?p=162375"},"modified":"2014-08-20T16:46:30","modified_gmt":"2014-08-20T16:46:30","slug":"respaldo-absoluto-al-proyecto-de-ley-loma-miranda-parque-nacional","status":"publish","type":"post","link":"https:\/\/diariodominicano.com\/?p=162375","title":{"rendered":"Respaldo absoluto al proyecto de Ley Loma Miranda parque nacional"},"content":{"rendered":"<p><body><\/p>\n<p><img decoding=\"async\" src=\"img3\/loma 20.jpg\" \/>  <\/p>\n<p>Santo Domingo RD 20 agosto.- El Proyecto de Ley mediante el cual Loma Miranda seria declarada Parque Nacional, solo aguarda por el inicio formal de la pr\u00f3xima legislatura, prevista para el mi\u00e9rcoles 27 de agosto en el Senado de la Republica, en cuya sesi\u00f3n ser\u00e1 reintroducida dicha pieza.<\/p>\n<\/p>\n<p>La iniciativa, se adelant\u00f3,  cuenta con el respaldo de 30  senadores,  quienes se han comprometido   a votar favorablemente en pro de dicha pieza luego de dar constancia  de un largo tiempo es estudio, investigaciones, discusiones y di\u00e1logos con los pobladores de las comunidades que componen las provincias del Cibao Central y  un amplios debate a nivel nacional a nivel de opini\u00f3n publica y en el Congreso<\/p>\n<\/p>\n<p>\u00abLa iniciativa mediante la cual procuramos la declaratoria de Loma Miranda como \u00e1rea protegida, ha concitado la atenci\u00f3n nacional e incluso en el \u00e1mbito internacional, habiendo sido una de los proyectos m\u00e1s estudiados y objeto de an\u00e1lisis por parte de los diversos sectores de la sociedad dominicana. Contando con el aval y la seriedad investigativa de la Academia de Ciencias de la Republica Dominicana, la Comisi\u00f3n Ambiental de la Universidad Aut\u00f3noma de Santo Domingo (UASD), t\u00e9cnicos especialistas del Colegio Dominicano de Ingenieros, Arquitectos y Agrimensores (CODIA)\u00bb destac\u00f3 el senador de La Vega.<\/p>\n<\/p>\n<p>En ese orden el dirigente del PLD destaca que el proyecto tambi\u00e9n ha contado con el respaldo de \u00bb el Colegio Medico Dominicano, la Asociaci\u00f3n Dominicana de Profesores, el Colegio de Abogados de la Republica Dominicana y todos los colegios y gremios profesionales del pa\u00eds, la Conferencia del Episcopado Dominicano, el Obispado y la Di\u00f3cesis de La Vega, el cooperativismo dominicano, federaciones de productores agropecuarios, la mayor\u00eda de las universidades de la Naci\u00f3n, los ayuntamientos de Jima Abajo, Rinc\u00f3n, El Ranchito, Bonao, La Vega, Salcedo, Moca, Buena Vista, Jarabacoa y los municipios integrantes de la Mancomunidad Madre de las Aguas de la Cordillera Central\u00bb.<\/p>\n<\/p>\n<p>El Senador del PLD, por la provincia La Vega,  Euclides S\u00e1nchez y tambi\u00e9n presidente de esa organizaci\u00f3n en esa demarcaci\u00f3n, habl\u00f3 durante una  conferencia de prensa en el Congreso, donde afirm\u00f3 que  Loma Miranda para convertirse en parque,  cuenta con el aval de la misi\u00f3n t\u00e9cnica del Programa de las Naciones Unidas para el Desarrollo (PNUD), as\u00ed como del propio Ministerio de Medio Ambiente, cuyo titular ha expuesto en reiteradas ocasiones que el caso de Loma Miranda est\u00e1 cerrado para dicha instituci\u00f3n.<\/p>\n<\/p>\n<p>\u00abPropugnamos por la cancelaci\u00f3n de todas las licencias ambientales concedidas para llevar a cabo operaciones de explotaci\u00f3n de canteras de agregados en las lomas de La Vega, tales como Bayacanes, entrada a La Guaranita, Guaco, Burende, Cabirmota, las 7S y tener misericordia con el languideciente Rio Cam\u00fa; al tiempo que quienes han llevado a cabo dichas explotaciones deben remediar a la mayor brevedad el pasivo ambiental acumulado, bajo un estricto plan de seguimiento y fiscalizaci\u00f3n por parte de las autoridades del Ministerio de Medio Ambiente\u00bb denunci\u00f3 el senador peledeista<\/p>\n<\/p>\n<p>Poniendo de ejemplo el reci\u00e9n controlado incendio forestal   en Valle Nuevo, Constanza, S\u00e1nchez afirma que \u00abestamos conminados a respetar las normas de regulaci\u00f3n ambiental, antes de que sea demasiado tarde\u00bb<\/p>\n<\/p>\n<p>\u00abReiteramos a todo el pa\u00eds, que el Proyecto de Ley que vamos a reintroducir al Senado, es la pieza revisada y consensuada por todos los organismos competentes en materia de medio ambiente, el pa\u00eds tiene como expectativa su inminente aprobaci\u00f3n en el Congreso Nacional\u00bb apunt\u00f3 el senador Euclides S\u00e1nchez en la conferencia de prensa en la que se hizo acompa\u00f1ar de otros colegas suyos en la c\u00e1mara alta y de reconocidos t\u00e9cnicos y medioambientalistas.<\/p>\n<\/p>\n<h6> 2014-08-20 16:46:30 <\/h6>\n<p><!--\n<link rel=\"stylesheet\" href=\"css\/bootstrap.min.css\">\n\n\n<ul class=\"pagination\">\n\t    \n\t\n\n<li >\n\t<a href='?page_no=14787'>Previous<\/a>\n\t<\/li>\n\n\n       \n    \n\n<li><a href='?page_no=1'>1<\/a><\/li>\n\n\n\n<li><a href='?page_no=2'>2<\/a><\/li>\n\n\n\n<li><a>...<\/a><\/li>\n\n\n\n<li><a href='?page_no=14786'>14786<\/a><\/li>\n\n\n\n<li><a href='?page_no=14787'>14787<\/a><\/li>\n\n\n\n<li class='active'><a>14788<\/a><\/li>\n\n\n\n<li><a href='?page_no=14789'>14789<\/a><\/li>\n\n\n\n<li><a href='?page_no=14790'>14790<\/a><\/li>\n\n\n\n<li><a>...<\/a><\/li>\n\n\n\n<li><a href='?page_no=36999'>36999<\/a><\/li>\n\n\n\n<li><a href='?page_no=37000'>37000<\/a><\/li>\n\n    \n\t\n\n<li >\n\t<a href='?page_no=14789'>Next<\/a>\n\t<\/li>\n\n\n    \n\n<li><a href='?page_no=37000'>Last &rsaquo;&rsaquo;<\/a><\/li>\n\n<\/ul>\n\n\n--><br \/>\n<\/body><\/p>\n","protected":false},"excerpt":{"rendered":"<p>Santo Domingo RD 20 agosto.- El Proyecto de Ley mediante el cual Loma Miranda seria declarada Parque Nacional, solo aguarda por el inicio formal de la pr\u00f3xima legislatura, prevista para el mi\u00e9rcoles 27 de agosto en el Senado de la Republica, en cuya sesi\u00f3n ser\u00e1 reintroducida dicha pieza. La iniciativa, se adelant\u00f3, cuenta con el [&hellip;]<\/p>\n","protected":false},"author":3,"featured_media":0,"comment_status":"open","ping_status":"open","sticky":false,"template":"","format":"standard","meta":{"footnotes":""},"categories":[22],"tags":[],"class_list":["post-162375","post","type-post","status-publish","format-standard","hentry","category-politica"],"_links":{"self":[{"href":"https:\/\/diariodominicano.com\/index.php?rest_route=\/wp\/v2\/posts\/162375","targetHints":{"allow":["GET"]}}],"collection":[{"href":"https:\/\/diariodominicano.com\/index.php?rest_route=\/wp\/v2\/posts"}],"about":[{"href":"https:\/\/diariodominicano.com\/index.php?rest_route=\/wp\/v2\/types\/post"}],"author":[{"embeddable":true,"href":"https:\/\/diariodominicano.com\/index.php?rest_route=\/wp\/v2\/users\/3"}],"replies":[{"embeddable":true,"href":"https:\/\/diariodominicano.com\/index.php?rest_route=%2Fwp%2Fv2%2Fcomments&post=162375"}],"version-history":[{"count":0,"href":"https:\/\/diariodominicano.com\/index.php?rest_route=\/wp\/v2\/posts\/162375\/revisions"}],"wp:attachment":[{"href":"https:\/\/diariodominicano.com\/index.php?rest_route=%2Fwp%2Fv2%2Fmedia&parent=162375"}],"wp:term":[{"taxonomy":"category","embeddable":true,"href":"https:\/\/diariodominicano.com\/index.php?rest_route=%2Fwp%2Fv2%2Fcategories&post=162375"},{"taxonomy":"post_tag","embeddable":true,"href":"https:\/\/diariodominicano.com\/index.php?rest_route=%2Fwp%2Fv2%2Ftags&post=162375"}],"curies":[{"name":"wp","href":"https:\/\/api.w.org\/{rel}","templated":true}]}}