{"id":162374,"date":"2014-08-20T19:03:08","date_gmt":"2014-08-20T19:03:08","guid":{"rendered":"http:\/\/diariodominicano.ddns.net\/?p=162374"},"modified":"2014-08-20T19:03:08","modified_gmt":"2014-08-20T19:03:08","slug":"ditren-pld-no-cuenta-con-votos-suficientes-para-modificar-constitucion-en-favor-de-la-reeleccion","status":"publish","type":"post","link":"https:\/\/diariodominicano.com\/?p=162374","title":{"rendered":"Ditr\u00e9n: PLD no cuenta con votos suficientes para modificar Constituci\u00f3n en favor de la reelecci\u00f3n"},"content":{"rendered":"<p><body><\/p>\n<p><img decoding=\"async\" src=\"img3\/ditren.jpg\" \/>  <\/p>\n<p><span class=\"text1noticias\">Santo Domingo, RD, 20 de Agosto.- \u00abNaturalmente, tenemos  un escollo en el tema de la reelecci\u00f3n, que es el asunto de que no tenemos el n\u00famero de votos para modificar la Constituci\u00f3n, pero adem\u00e1s, lo que le ha dado grandeza a Danilo, si intent\u00e1ramos hacerlo, probablemente ser\u00eda lo que le bajar\u00eda la popularidad, porque estar\u00eda adaptando la Constituci\u00f3n como un traje a la medida, pero aun as\u00ed el partido har\u00e1 lo que conviene\u00bb, fueron las palabra del ingeniero Ignacio Ditr\u00e9n al opinar sobre el tema de la reelecci\u00f3n presidencial.<\/span><\/p>\n<\/p>\n<p><span class=\"text1noticias\">Resalt\u00f3 que en el Partido de la Liberaci\u00f3n Dominicana se ha desarrollado un liderazgo ahora compartido entre Leonel Fern\u00e1ndez y Danilo Medina, que saben ponerse de acuerdo y que al final siempre se har\u00e1 lo que convenga al PLD.<\/span><\/p>\n<\/p>\n<p><span class=\"text1noticias\">Destac\u00f3 adem\u00e1s que \u00ablo que ocurre es que lamentablemente algunos compa\u00f1eros decidieron tirarse al charco mucho antes del momento del recreo, y que hab\u00eda que dejar que el Gobierno se desarrollara\u00bb. <\/span><\/p>\n<\/p>\n<p><span class=\"text1noticias\">\u00abNaturalmente que entiendo a esos compa\u00f1eros porque tienen que darse a conocer, crecer y buscar una oportunidad. Entonces, muchos han visto que el proyecto no ha avanzado; que se prendi\u00f3 una mecha un momentico, pero como se medio apag\u00f3\u00bb, precis\u00f3 Ditr\u00e9n al ser entrevistado en el programa Tu Derecho a Saber, que conducen Namphi Rodr\u00edguez, El\u00edas Ru\u00edz Matuk, Jos\u00e9 Gregorio Cabrera, Adelaida Mart\u00ednez, Edward Tavarez y Francis Javier, por Rumba 98.5 FM de 7 a 9 AM.  <\/span><\/p>\n<\/p>\n<p><span class=\"text1noticias\">Dijo que el tema de la reelecci\u00f3n, m\u00e1s la posibilidad de que los vientos soplen, les dificulta a los compa\u00f1eros que aspiran a la presidencia por el PLD, a posicionarse, porque si no se hablara de estos dos aspectos las candidaturas estar\u00edan corriendo. <\/span><\/p>\n<\/p>\n<p><strong><span class=\"text1noticias\">El Presidente tiene la potestad de decidir sobre los cambios  <\/span><\/strong><\/p>\n<\/p>\n<p><span class=\"text1noticias\">En lo que se refiere a los cambios, Ditr\u00e9n dijo que la gente no entiende que formar a un funcionario toma tiempo, incluso puede ser de experiencia, ya que cuando se llega a una posici\u00f3n de Estado, el incumbente tiene que readecuarse y, el presidente entiende que si tiene un proyecto, se paralizar\u00eda con los cambios porque el nuevo tendr\u00eda que aprender.   <\/span><\/p>\n<\/p>\n<p><span class=\"text1noticias\">\u00abLos cambios, son una potestad del jefe del Estado; \u00e9l es quien tiene que decidir qui\u00e9n lo acompa\u00f1a y qui\u00e9n no. Entonces, si tienes un funcionario que lo est\u00e1 haciendo bien; que te ha llevado a mantener alta la popularidad y no ha habido denuncia de corrupci\u00f3n, para qu\u00e9 cambiarlo si lo est\u00e1 haciendo bien\u00bb, precis\u00f3 Ditr\u00e9n. <\/span><\/p>\n<\/p>\n<p><span class=\"text1noticias\">Dijo que es entendible que el presidente Medina quiera darle oportunidad a otros compa\u00f1eros que quieren demostrar que ellos pueden hacerlo y con los que tiene compromisos porque ayudaron a que \u00e9l llegara. <\/span><\/p>\n<\/p>\n<p><strong><span class=\"text1noticias\">En Cuba se puso de manifiesto la presi\u00f3n que hay contra RD  y el tema haitiano<\/span><\/strong><\/p>\n<\/p>\n<p><span class=\"text1noticias\">El ingeniero Ignacio Ditr\u00e9n, al valorar este mi\u00e9rcoles las declaraciones ofrecidas por el presidente Danilo Medina ante la prensa, a prop\u00f3sito de sus dos a\u00f1os de gesti\u00f3n,  dijo que el mandatario sali\u00f3 bastante bien porque tal y como \u00e9l se defini\u00f3, que es un hombre de \u00abmecha larga\u00bb, se tom\u00f3 su tiempo para responder cada pregunta. <\/span><\/p>\n<\/p>\n<p><span class=\"text1noticias\">Destac\u00f3 Ditr\u00e9n que medina revel\u00f3 cosas de Estado muy importantes que los dominicanos deben saber, y que se atreve a decir que muchos ciudadanos se han descuidado y act\u00faan como si no estuviese pasando nada con el tema haitiano. <\/span><\/p>\n<\/p>\n<p><span class=\"text1noticias\">\u00abEs como dice \u00e9l, lo llevaron a una encerrona en Cuba, revel\u00f3 que lo que se trat\u00f3 fuera de c\u00e1maras fue m\u00e1s fuerte\u00bb, manifest\u00f3. <\/span><\/p>\n<p><span class=\"text1noticias\">Expres\u00f3 que all\u00ed se puso de manifiesto la gran presi\u00f3n que hay contra Rep\u00fablica Dominicana con el tema migratorio, \u00aby muchos dominicanos estamos haci\u00e9ndonos \u00ablos chivos locos\u00bb y eso es delicado\u00bb. <\/span><\/p>\n<\/p>\n<p><span class=\"text1noticias\">\u00abEs m\u00e1s, y yo soy negro, porque han querido tildarnos de racistas y no es un tema de racismo, es una cuesti\u00f3n de identidad, de respetar cada uno su espacio; nuestros hermanos haitianos tienen su situaci\u00f3n all\u00e1 y nosotros nuestra situaci\u00f3n aqu\u00ed\u00bb, dijo.<\/span><\/p>\n<\/p>\n<p><span class=\"text1noticias\">Destac\u00f3 que por que por la bonanza econ\u00f3mica del pa\u00eds los haitianos tratan de emigrar hacia Rep\u00fablica Dominicana y que es entendible porque nadie se va a dejar morir, pero que todos los organismos internacionales y los pa\u00edses hermanos que dicen que quieren ayudar a  Hait\u00ed, al final no ejecutan nada y lo \u00fanico que hacen es hablar y presionar a RD. <\/span><\/p>\n<\/p>\n<p><span class=\"text1noticias\">\u00abEn Hait\u00ed hay que tomar en cuenta muchas cosas, por qu\u00e9 no enfrentan la corrupci\u00f3n pol\u00edtica y militar; por qu\u00e9 si uno de los graves problemas que tienen es la miseria y el crecimiento poblacional, no establecen un control de natalidad\u00bb, se\u00f1al\u00f3. <\/span><\/p>\n<\/p>\n<p><span class=\"text1noticias\">Record\u00f3 las ayudas que el pa\u00eds brind\u00f3 a Hait\u00ed durante el terremoto, y las que todav\u00eda sigue brind\u00e1ndoles, entre ellas la universidad en la gesti\u00f3n de Leonel Fern\u00e1ndez y los miles de \u00e1rboles para sembrar en la frontera.  <\/span><\/p>\n<\/p>\n<p><strong><span class=\"text1noticias\">Dice dominicanos deben aprender creole <\/span><\/strong><\/p>\n<\/p>\n<p><span class=\"text1noticias\">\u00abPero ojo, a nosotros nos dicen que para que nuestros ni\u00f1os se desarrollen tienen que aprender ingl\u00e9s, sin embargo, ninguno de notros se preocupa por aprender creole, entonces&#8230; delante de ti hablan el idioma y t\u00fa no est\u00e1s entendiendo ni lo que est\u00e1n diciendo ni lo que est\u00e1n planificando\u00bb, adujo. <\/span><\/p>\n<\/p>\n<p><span class=\"text1noticias\">Finalmente en el tema migratorio haitiano, dijo que esa gran masa de inmigrantes afecta en gran medida el presupuesto del pa\u00eds, por lo que consumen en salud y otros servicios.(HG)<\/span>. <\/p>\n<h6> 2014-08-20 19:03:08 <\/h6>\n<p><!--\n<link rel=\"stylesheet\" href=\"css\/bootstrap.min.css\">\n\n\n<ul class=\"pagination\">\n\t    \n\t\n\n<li >\n\t<a href='?page_no=14786'>Previous<\/a>\n\t<\/li>\n\n\n       \n    \n\n<li><a href='?page_no=1'>1<\/a><\/li>\n\n\n\n<li><a href='?page_no=2'>2<\/a><\/li>\n\n\n\n<li><a>...<\/a><\/li>\n\n\n\n<li><a href='?page_no=14785'>14785<\/a><\/li>\n\n\n\n<li><a href='?page_no=14786'>14786<\/a><\/li>\n\n\n\n<li class='active'><a>14787<\/a><\/li>\n\n\n\n<li><a href='?page_no=14788'>14788<\/a><\/li>\n\n\n\n<li><a href='?page_no=14789'>14789<\/a><\/li>\n\n\n\n<li><a>...<\/a><\/li>\n\n\n\n<li><a href='?page_no=36999'>36999<\/a><\/li>\n\n\n\n<li><a href='?page_no=37000'>37000<\/a><\/li>\n\n    \n\t\n\n<li >\n\t<a href='?page_no=14788'>Next<\/a>\n\t<\/li>\n\n\n    \n\n<li><a href='?page_no=37000'>Last &rsaquo;&rsaquo;<\/a><\/li>\n\n<\/ul>\n\n\n--><br \/>\n<\/body><\/p>\n","protected":false},"excerpt":{"rendered":"<p>Santo Domingo, RD, 20 de Agosto.- \u00abNaturalmente, tenemos un escollo en el tema de la reelecci\u00f3n, que es el asunto de que no tenemos el n\u00famero de votos para modificar la Constituci\u00f3n, pero adem\u00e1s, lo que le ha dado grandeza a Danilo, si intent\u00e1ramos hacerlo, probablemente ser\u00eda lo que le bajar\u00eda la popularidad, porque estar\u00eda [&hellip;]<\/p>\n","protected":false},"author":3,"featured_media":0,"comment_status":"open","ping_status":"open","sticky":false,"template":"","format":"standard","meta":{"footnotes":""},"categories":[22],"tags":[],"class_list":["post-162374","post","type-post","status-publish","format-standard","hentry","category-politica"],"_links":{"self":[{"href":"https:\/\/diariodominicano.com\/index.php?rest_route=\/wp\/v2\/posts\/162374","targetHints":{"allow":["GET"]}}],"collection":[{"href":"https:\/\/diariodominicano.com\/index.php?rest_route=\/wp\/v2\/posts"}],"about":[{"href":"https:\/\/diariodominicano.com\/index.php?rest_route=\/wp\/v2\/types\/post"}],"author":[{"embeddable":true,"href":"https:\/\/diariodominicano.com\/index.php?rest_route=\/wp\/v2\/users\/3"}],"replies":[{"embeddable":true,"href":"https:\/\/diariodominicano.com\/index.php?rest_route=%2Fwp%2Fv2%2Fcomments&post=162374"}],"version-history":[{"count":0,"href":"https:\/\/diariodominicano.com\/index.php?rest_route=\/wp\/v2\/posts\/162374\/revisions"}],"wp:attachment":[{"href":"https:\/\/diariodominicano.com\/index.php?rest_route=%2Fwp%2Fv2%2Fmedia&parent=162374"}],"wp:term":[{"taxonomy":"category","embeddable":true,"href":"https:\/\/diariodominicano.com\/index.php?rest_route=%2Fwp%2Fv2%2Fcategories&post=162374"},{"taxonomy":"post_tag","embeddable":true,"href":"https:\/\/diariodominicano.com\/index.php?rest_route=%2Fwp%2Fv2%2Ftags&post=162374"}],"curies":[{"name":"wp","href":"https:\/\/api.w.org\/{rel}","templated":true}]}}