{"id":162373,"date":"2014-08-20T21:22:03","date_gmt":"2014-08-20T21:22:03","guid":{"rendered":"http:\/\/diariodominicano.ddns.net\/?p=162373"},"modified":"2014-08-20T21:22:03","modified_gmt":"2014-08-20T21:22:03","slug":"jce-entregara-a-partidos-informe-sobre-solicitud-de-cambio-de-nombre-del-partido-alianza-social-dominicana-por-el-de-prm","status":"publish","type":"post","link":"https:\/\/diariodominicano.com\/?p=162373","title":{"rendered":"JCE entregar\u00e1 a partidos informe sobre solicitud de cambio de nombre del Partido Alianza Social Dominicana por el de PRM"},"content":{"rendered":"<p><body><\/p>\n<p><img decoding=\"async\" src=\"img3\/pleno.jpg\" \/>  <\/p>\n<p><span class=\"text1noticias\">Santo Domingo, RD, 20 de Agosto.- La Junta Central Electoral aprob\u00f3 enviar a los partidos pol\u00edticos para su conocimiento y opini\u00f3n el informe de la Comisi\u00f3n de Juntas Electorales y Partidos Pol\u00edticos sobre la solicitud de cambio de nombre del Partido Alianza Social Dominicana por el de Partido Revolucionario Mayoritario.<\/span><\/p>\n<\/p>\n<p><span class=\"text1noticias\">Asimismo el  Pleno de la JCE aprob\u00f3  convocar una audiencia p\u00fablica con los delegados de las diferentes organizaciones partidistas para esos  fines el pr\u00f3ximo mi\u00e9rcoles 27 de este mes de agosto, a las 10 de la ma\u00f1ana en su auditorio. A continuaci\u00f3n DiarioDominicano.COM reproduce la nota oficial de las decisiones del Pleno de la JCE:<\/span><\/p>\n<\/p>\n<p><span class=\"text1noticias\">En la sesi\u00f3n de esta fecha, el Pleno de la Junta Central Electoral conoci\u00f3 el informe de la Comisi\u00f3n de Juntas Electorales y Partidos Pol\u00edticos sobre la solicitud de cambio de nombre del Partido Alianza Social Dominicana por el de Partido Revolucionario Mayoritario. <\/span><\/p>\n<\/p>\n<p><span class=\"text1noticias\">En ese sentido, el Pleno autoriz\u00f3 al Presidente de la Junta Central Electoral a remitir el referido informe a los partidos pol\u00edticos para su conocimiento y opini\u00f3n, y a convocar una audiencia p\u00fablica con los delegados de las diferentes organizaciones partidistas para esos  fines. Esta Audiencia P\u00fablica la estamos convocando para el pr\u00f3ximo mi\u00e9rcoles 27 de este mes de agosto, a las 10:00 AM. en nuestro auditorio.<\/span><\/p>\n<\/p>\n<p><span class=\"text1noticias\">De igual manera, se conoci\u00f3 de 2 actas de la Comisi\u00f3n de Oficial\u00edas en la que se da soluci\u00f3n  a varios temas relacionados con el Registro Civil de diferentes personas.<\/span><\/p>\n<\/p>\n<p><span class=\"text1noticias\">Tambi\u00e9n el Pleno conoci\u00f3 el Informe de la Comisi\u00f3n de Inhabilitados respecto a la cancelaci\u00f3n de varias c\u00e9dulas de identidad que fueron adquiridas mediante suplantaciones o por otros mecanismos irregulares. <\/span><\/p>\n<\/p>\n<p><span class=\"text1noticias\">El Pleno conoci\u00f3 el informe del Presidente de la Junta Central Electoral en el sentido de que en el curso de la pasada semana sostuvo una reuni\u00f3n con el Se\u00f1or Presidente de la Rep\u00fablica, Licenciado Danilo Medina, y en la misma se trat\u00f3 de manera exclusiva sobre temas relacionados con el proceso de Regularizaci\u00f3n y muy particularmente sobre la participaci\u00f3n de la Junta Central Electoral y su colaboraci\u00f3n para llevar a cabo dicho proceso.<\/span><\/p>\n<\/p>\n<p><span class=\"text1noticias\">En dicha reuni\u00f3n participaron adem\u00e1s el Consultor Jur\u00eddico del Poder Ejecutivo, doctor C\u00e9sar Pina Toribio y el Ministro de Interior y Polic\u00eda, doctor Jos\u00e9 Ram\u00f3n Fadul.<\/span><\/p>\n<\/p>\n<p><span class=\"text1noticias\">En ese mismo sentido inform\u00f3 que en el  d\u00eda de hoy a las 8:30 A.M. la Comisi\u00f3n de Presupuesto de la JCE, que coordina el Magistrado C\u00e9sar Francisco F\u00e9liz F\u00e9liz, sostuvo una reuni\u00f3n en el despacho de la Presidencia de la Junta Central Electoral con una comisi\u00f3n designada por el Se\u00f1or Presidente de la Rep\u00fablica, Licenciado Danilo Medina, integrada por el Ministro Administrativo de la Presidencia, Licenciado Jos\u00e9 Ram\u00f3n Peralta, el Ministro de Hacienda, Licenciado Sim\u00f3n Lizardo. A esta reuni\u00f3n se integr\u00f3 adem\u00e1s el doctor C\u00e9sar Pina Toribio, Consultor Jur\u00eddico del Poder Ejecutivo.  <\/span><\/p>\n<\/p>\n<p><span class=\"text1noticias\">En esta \u00faltima reuni\u00f3n la JCE se comprometi\u00f3 a aportar los recursos materiales y tecnol\u00f3gicos  para  ampliar el n\u00famero de estaciones en varias comunidades del pa\u00eds para captar informaciones para el Plan Nacional de Regularizaci\u00f3n que desarrolla el Poder Ejecutivo.<\/span><\/p>\n<\/p>\n<p><span class=\"text1noticias\">Por su parte, el Gobierno central se comprometi\u00f3 a cubrir los gastos en que incurra la Junta Central Electoral en el proceso de cooperaci\u00f3n en la implementaci\u00f3n del referido plan.<\/span><\/p>\n<\/p>\n<p><span class=\"text1noticias\">Asimismo, el Pleno aprob\u00f3 la publicaci\u00f3n de un documento con la relaci\u00f3n de los nombres y las oficial\u00edas correspondientes de 1,413 personas cuyos expedientes han sido debidamente auditados por la Comisi\u00f3n de Oficial\u00edas de la Junta Central Electoral, tal como lo establece la Ley 169\/14.<\/span><\/p>\n<\/p>\n<p><span class=\"text1noticias\">En otro sentido, el Pleno de la Junta Central Electoral conoci\u00f3 el programa que se va a desarrollar  en Santo Domingo, Hotel Sheraton, durante los d\u00edas 21 y 22 de agosto en curso, en la celebraci\u00f3n del Seminario Internacional \u00abElecciones y Tecnologia\u00bb, con los auspicios de la instituci\u00f3n Idea Internacional y la Junta Central Electoral, con especialistas de diferentes naciones que vienen a presentar sus experiencias y a conocer las nuestras, convirti\u00e9ndose estos dos d\u00edas del seminario en una cantera de aprendizaje y sobre todo de referencia para la toma de decisiones.<\/span><\/p>\n<\/p>\n<p><span class=\"text1noticias\">Este evento contar\u00e1 con exposiciones de expertos internacionales  de la talla de Joaqu\u00edn Jos\u00e9 Vives, Expresidente del Consejo Nacional Electoral de Colombia; Daniel Zovatto, Director para Am\u00e9rica Latina y El Caribe de Idea Internacional; Alejandro Tulio, Director Nacional Electoral de Argentina, Ann M. Ravel, Vicepresidenta de la Comisi\u00f3n Federal Electoral de Estados Unidos de Am\u00e9rica y Patricio Santamar\u00eda, Presidente del Consejo del  Servicio Electoral, SERVEL, de Chile.<\/span><\/p>\n<\/p>\n<p><span class=\"text1noticias\">Adem\u00e1s Roberto Rivas, Presidente del Consejo Supremo Electoral de Nicaragua; Eugenio Chicas, Ex Presidente del Tribunal Supremo Electoral de El Salvador y Wilfredo Penco, Magistrado Vicepresidente de la Corte Electoral de la Rep\u00fablica de Uruguay y delegaciones de Rusia, Corea del Sur, entre  otros pa\u00edses.  <\/span><\/p>\n<\/p>\n<p><span class=\"text1noticias\">Participar\u00e1 como moderadores de los paneles a desarrollar a los destacados periodistas, Adriano Miguel Tejada, director del Diario Libre;  Persio Maldonado, director de El Nuevo Diario  y Jos\u00e9 P. Monegro, subdirector del peri\u00f3dico El D\u00eda.(HG)<\/span>.<\/p>\n<h6> 2014-08-20 21:22:03 <\/h6>\n<p><!--\n<link rel=\"stylesheet\" href=\"css\/bootstrap.min.css\">\n\n\n<ul class=\"pagination\">\n\t    \n\t\n\n<li >\n\t<a href='?page_no=14785'>Previous<\/a>\n\t<\/li>\n\n\n       \n    \n\n<li><a href='?page_no=1'>1<\/a><\/li>\n\n\n\n<li><a href='?page_no=2'>2<\/a><\/li>\n\n\n\n<li><a>...<\/a><\/li>\n\n\n\n<li><a href='?page_no=14784'>14784<\/a><\/li>\n\n\n\n<li><a href='?page_no=14785'>14785<\/a><\/li>\n\n\n\n<li class='active'><a>14786<\/a><\/li>\n\n\n\n<li><a href='?page_no=14787'>14787<\/a><\/li>\n\n\n\n<li><a href='?page_no=14788'>14788<\/a><\/li>\n\n\n\n<li><a>...<\/a><\/li>\n\n\n\n<li><a href='?page_no=36999'>36999<\/a><\/li>\n\n\n\n<li><a href='?page_no=37000'>37000<\/a><\/li>\n\n    \n\t\n\n<li >\n\t<a href='?page_no=14787'>Next<\/a>\n\t<\/li>\n\n\n    \n\n<li><a href='?page_no=37000'>Last &rsaquo;&rsaquo;<\/a><\/li>\n\n<\/ul>\n\n\n--><br \/>\n<\/body><\/p>\n","protected":false},"excerpt":{"rendered":"<p>Santo Domingo, RD, 20 de Agosto.- La Junta Central Electoral aprob\u00f3 enviar a los partidos pol\u00edticos para su conocimiento y opini\u00f3n el informe de la Comisi\u00f3n de Juntas Electorales y Partidos Pol\u00edticos sobre la solicitud de cambio de nombre del Partido Alianza Social Dominicana por el de Partido Revolucionario Mayoritario. Asimismo el Pleno de la [&hellip;]<\/p>\n","protected":false},"author":3,"featured_media":0,"comment_status":"open","ping_status":"open","sticky":false,"template":"","format":"standard","meta":{"footnotes":""},"categories":[22],"tags":[],"class_list":["post-162373","post","type-post","status-publish","format-standard","hentry","category-politica"],"_links":{"self":[{"href":"https:\/\/diariodominicano.com\/index.php?rest_route=\/wp\/v2\/posts\/162373","targetHints":{"allow":["GET"]}}],"collection":[{"href":"https:\/\/diariodominicano.com\/index.php?rest_route=\/wp\/v2\/posts"}],"about":[{"href":"https:\/\/diariodominicano.com\/index.php?rest_route=\/wp\/v2\/types\/post"}],"author":[{"embeddable":true,"href":"https:\/\/diariodominicano.com\/index.php?rest_route=\/wp\/v2\/users\/3"}],"replies":[{"embeddable":true,"href":"https:\/\/diariodominicano.com\/index.php?rest_route=%2Fwp%2Fv2%2Fcomments&post=162373"}],"version-history":[{"count":0,"href":"https:\/\/diariodominicano.com\/index.php?rest_route=\/wp\/v2\/posts\/162373\/revisions"}],"wp:attachment":[{"href":"https:\/\/diariodominicano.com\/index.php?rest_route=%2Fwp%2Fv2%2Fmedia&parent=162373"}],"wp:term":[{"taxonomy":"category","embeddable":true,"href":"https:\/\/diariodominicano.com\/index.php?rest_route=%2Fwp%2Fv2%2Fcategories&post=162373"},{"taxonomy":"post_tag","embeddable":true,"href":"https:\/\/diariodominicano.com\/index.php?rest_route=%2Fwp%2Fv2%2Ftags&post=162373"}],"curies":[{"name":"wp","href":"https:\/\/api.w.org\/{rel}","templated":true}]}}