{"id":162372,"date":"2014-08-21T13:10:34","date_gmt":"2014-08-21T13:10:34","guid":{"rendered":"http:\/\/diariodominicano.ddns.net\/?p=162372"},"modified":"2014-08-21T13:10:34","modified_gmt":"2014-08-21T13:10:34","slug":"ditren-pld-no-cuenta-con-votos-suficientes-para-modificar-constitucion-a-favor-de-la-reeleccion","status":"publish","type":"post","link":"https:\/\/diariodominicano.com\/?p=162372","title":{"rendered":"Ditr\u00e9n: PLD no cuenta con votos suficientes para modificar Constituci\u00f3n a favor de la reelecci\u00f3n"},"content":{"rendered":"<p><body><\/p>\n<p><span class=\"text1noticias\">Santo Domingo, R. D., 21 de agosto.- \u00abNaturalmente, tenemos  un escollo en el tema de la reelecci\u00f3n, que es el asunto de que no tenemos el n\u00famero de votos para modificar la Constituci\u00f3n, pero adem\u00e1s, lo que le ha dado grandeza a Danilo, si intent\u00e1ramos hacerlo, probablemente ser\u00eda lo que le bajar\u00eda la popularidad, porque estar\u00eda adaptando la Constituci\u00f3n como un traje a la medida, pero aun as\u00ed el partido har\u00e1 lo que conviene\u00bb, fueron las palabras del ingeniero Ignacio Ditr\u00e9n al opinar sobre el tema de la reelecci\u00f3n presidencial.<\/span><\/p>\n<p><span class=\"text1noticias\"> <\/span><\/p>\n<p><span class=\"text1noticias\">Resalt\u00f3 que en el Partido de la Liberaci\u00f3n Dominicana se ha desarrollado un liderazgo ahora compartido entre Leonel Fern\u00e1ndez y Danilo Medina, que saben ponerse de acuerdo y que al final siempre se har\u00e1 lo que convenga al PLD.<\/span><\/p>\n<p><span class=\"text1noticias\"> <\/span><\/p>\n<p><span class=\"text1noticias\">Destac\u00f3 adem\u00e1s que \u00ablo que ocurre es que lamentablemente algunos compa\u00f1eros decidieron tirarse al charco mucho antes del momento del recreo, y que hab\u00eda que dejar que el Gobierno se desarrollara\u00bb.<\/span><\/p>\n<p><span class=\"text1noticias\"> <\/span><\/p>\n<p><span class=\"text1noticias\">\u00abNaturalmente que entiendo a esos compa\u00f1eros porque tienen que darse a conocer, crecer y buscar una oportunidad. Entonces, muchos han visto que el proyecto no ha avanzado; que se prendi\u00f3 una mecha un momentico, pero como se medio apag\u00f3\u00bb, precis\u00f3 Ditr\u00e9n al ser entrevistado en el programa Tu Derecho a Saber, que conducen Namphi Rodr\u00edguez, El\u00edas Ru\u00edz Matuk, Jos\u00e9 Gregorio Cabrera, Adelaida Mart\u00ednez, Edward Tavarez y Francis Javier, por Rumba 98.5 FM de 7 a 9 AM.<\/span><\/p>\n<p><span class=\"text1noticias\"> <\/span><\/p>\n<p><span class=\"text1noticias\">Dijo que el tema de la reelecci\u00f3n, m\u00e1s la posibilidad de que los vientos soplen, les dificulta a los compa\u00f1eros que aspiran a la presidencia por el PLD, a posicionarse, porque si no se hablara de estos dos aspectos las candidaturas estar\u00edan corrie<\/span>ndo.<\/p>\n<h6> 2014-08-21 13:10:34 <\/h6>\n<p><!--\n<link rel=\"stylesheet\" href=\"css\/bootstrap.min.css\">\n\n\n<ul class=\"pagination\">\n\t    \n\t\n\n<li >\n\t<a href='?page_no=14784'>Previous<\/a>\n\t<\/li>\n\n\n       \n    \n\n<li><a href='?page_no=1'>1<\/a><\/li>\n\n\n\n<li><a href='?page_no=2'>2<\/a><\/li>\n\n\n\n<li><a>...<\/a><\/li>\n\n\n\n<li><a href='?page_no=14783'>14783<\/a><\/li>\n\n\n\n<li><a href='?page_no=14784'>14784<\/a><\/li>\n\n\n\n<li class='active'><a>14785<\/a><\/li>\n\n\n\n<li><a href='?page_no=14786'>14786<\/a><\/li>\n\n\n\n<li><a href='?page_no=14787'>14787<\/a><\/li>\n\n\n\n<li><a>...<\/a><\/li>\n\n\n\n<li><a href='?page_no=36999'>36999<\/a><\/li>\n\n\n\n<li><a href='?page_no=37000'>37000<\/a><\/li>\n\n    \n\t\n\n<li >\n\t<a href='?page_no=14786'>Next<\/a>\n\t<\/li>\n\n\n    \n\n<li><a href='?page_no=37000'>Last &rsaquo;&rsaquo;<\/a><\/li>\n\n<\/ul>\n\n\n--><br \/>\n<\/body><\/p>\n","protected":false},"excerpt":{"rendered":"<p>Santo Domingo, R. D., 21 de agosto.- \u00abNaturalmente, tenemos un escollo en el tema de la reelecci\u00f3n, que es el asunto de que no tenemos el n\u00famero de votos para modificar la Constituci\u00f3n, pero adem\u00e1s, lo que le ha dado grandeza a Danilo, si intent\u00e1ramos hacerlo, probablemente ser\u00eda lo que le bajar\u00eda la popularidad, porque [&hellip;]<\/p>\n","protected":false},"author":3,"featured_media":0,"comment_status":"open","ping_status":"open","sticky":false,"template":"","format":"standard","meta":{"footnotes":""},"categories":[22],"tags":[],"class_list":["post-162372","post","type-post","status-publish","format-standard","hentry","category-politica"],"_links":{"self":[{"href":"https:\/\/diariodominicano.com\/index.php?rest_route=\/wp\/v2\/posts\/162372","targetHints":{"allow":["GET"]}}],"collection":[{"href":"https:\/\/diariodominicano.com\/index.php?rest_route=\/wp\/v2\/posts"}],"about":[{"href":"https:\/\/diariodominicano.com\/index.php?rest_route=\/wp\/v2\/types\/post"}],"author":[{"embeddable":true,"href":"https:\/\/diariodominicano.com\/index.php?rest_route=\/wp\/v2\/users\/3"}],"replies":[{"embeddable":true,"href":"https:\/\/diariodominicano.com\/index.php?rest_route=%2Fwp%2Fv2%2Fcomments&post=162372"}],"version-history":[{"count":0,"href":"https:\/\/diariodominicano.com\/index.php?rest_route=\/wp\/v2\/posts\/162372\/revisions"}],"wp:attachment":[{"href":"https:\/\/diariodominicano.com\/index.php?rest_route=%2Fwp%2Fv2%2Fmedia&parent=162372"}],"wp:term":[{"taxonomy":"category","embeddable":true,"href":"https:\/\/diariodominicano.com\/index.php?rest_route=%2Fwp%2Fv2%2Fcategories&post=162372"},{"taxonomy":"post_tag","embeddable":true,"href":"https:\/\/diariodominicano.com\/index.php?rest_route=%2Fwp%2Fv2%2Ftags&post=162372"}],"curies":[{"name":"wp","href":"https:\/\/api.w.org\/{rel}","templated":true}]}}