{"id":162371,"date":"2014-08-21T14:06:04","date_gmt":"2014-08-21T14:06:04","guid":{"rendered":"http:\/\/diariodominicano.ddns.net\/?p=162371"},"modified":"2014-08-21T14:06:04","modified_gmt":"2014-08-21T14:06:04","slug":"garcia-fermin-abandona-prd-y-pasa-al-partido-revolucionario-mayoritario","status":"publish","type":"post","link":"https:\/\/diariodominicano.com\/?p=162371","title":{"rendered":"Garc\u00eda Ferm\u00edn, abandona PRD y pasa al Partido Revolucionario Mayoritario"},"content":{"rendered":"<p><body><\/p>\n<p><img decoding=\"async\" src=\"img3\/Garcia Fermin 1.JPG\" \/>  <\/p>\n<p><span class=\"text1noticias\">Santo Domingo, R.D., 21 de agosto.- El pre-candidato presidencial, Franklin Garc\u00eda Ferm\u00edn anunci\u00f3 su salida del Partido Revolucionario Dominicano, (PRD) y revel\u00f3 que pasar\u00e1 a formar parte del Partido Revolucionario Mayoritario, (PRM).<\/span><\/p>\n<p><span class=\"text1noticias\"> <\/span><\/p>\n<p><span class=\"text1noticias\">Garc\u00eda Ferm\u00edn manifest\u00f3 que el PRD actualmente carece de definici\u00f3n interna, lo que ha llevado a muchos dirigentes a pasarse al otro bando.<\/span><\/p>\n<p><span class=\"text1noticias\"> <\/span><\/p>\n<p><span class=\"text1noticias\">Al ser entrevistado por el periodista Salvador Holgu\u00edn, en el programa Sin Cortapisa que se transmite por Teleradio Am\u00e9rica canal 45, Garc\u00eda Ferm\u00edn calific\u00f3 de falsa y puro montaje la pasada convenci\u00f3n del PRD, se\u00f1al\u00e1ndola como una estrategia de Miguel Vargas Maldonado para lanzar al partido blanco hacia el abismo y la desaparici\u00f3n.<\/span><\/p>\n<p><span class=\"text1noticias\"> <\/span><\/p>\n<p><span class=\"text1noticias\">Franklin Garc\u00eda Ferm\u00edn, quien fue rector de la Universidad Aut\u00f3noma de Santo Domingo, (UASD), tambi\u00e9n valor\u00f3 la gesti\u00f3n del actual rector  Iv\u00e1n Grull\u00f3n.<\/span><\/p>\n<p><span class=\"text1noticias\"> <\/span><\/p>\n<p><span class=\"text1noticias\">Garc\u00eda Ferm\u00edn dijo que Grull\u00f3n es un gran trabajador y aclar\u00f3 que las dificultades que ha tenido esta instituci\u00f3n acad\u00e9mica se deben al d\u00e9ficit financiero heredado de la pasada gesti\u00f3n de Mateo Aquino Febrillet.<\/span><\/p>\n<p><span class=\"text1noticias\"> <\/span><\/p>\n<p><span class=\"text1noticias\">Manifest\u00f3 que una de las principales causas del d\u00e9ficit de la UASD es que en la gesti\u00f3n de Mateo Aquino Febrillet se nombraron de manera irracional m\u00e1s de mil empleados en un periodo de cuatro meses.<\/span><\/p>\n<h6> 2014-08-21 14:06:04 <\/h6>\n<p><!--\n<link rel=\"stylesheet\" href=\"css\/bootstrap.min.css\">\n\n\n<ul class=\"pagination\">\n\t    \n\t\n\n<li >\n\t<a href='?page_no=14783'>Previous<\/a>\n\t<\/li>\n\n\n       \n    \n\n<li><a href='?page_no=1'>1<\/a><\/li>\n\n\n\n<li><a href='?page_no=2'>2<\/a><\/li>\n\n\n\n<li><a>...<\/a><\/li>\n\n\n\n<li><a href='?page_no=14782'>14782<\/a><\/li>\n\n\n\n<li><a href='?page_no=14783'>14783<\/a><\/li>\n\n\n\n<li class='active'><a>14784<\/a><\/li>\n\n\n\n<li><a href='?page_no=14785'>14785<\/a><\/li>\n\n\n\n<li><a href='?page_no=14786'>14786<\/a><\/li>\n\n\n\n<li><a>...<\/a><\/li>\n\n\n\n<li><a href='?page_no=36999'>36999<\/a><\/li>\n\n\n\n<li><a href='?page_no=37000'>37000<\/a><\/li>\n\n    \n\t\n\n<li >\n\t<a href='?page_no=14785'>Next<\/a>\n\t<\/li>\n\n\n    \n\n<li><a href='?page_no=37000'>Last &rsaquo;&rsaquo;<\/a><\/li>\n\n<\/ul>\n\n\n--><br \/>\n<\/body><\/p>\n","protected":false},"excerpt":{"rendered":"<p>Santo Domingo, R.D., 21 de agosto.- El pre-candidato presidencial, Franklin Garc\u00eda Ferm\u00edn anunci\u00f3 su salida del Partido Revolucionario Dominicano, (PRD) y revel\u00f3 que pasar\u00e1 a formar parte del Partido Revolucionario Mayoritario, (PRM). Garc\u00eda Ferm\u00edn manifest\u00f3 que el PRD actualmente carece de definici\u00f3n interna, lo que ha llevado a muchos dirigentes a pasarse al otro bando. [&hellip;]<\/p>\n","protected":false},"author":3,"featured_media":0,"comment_status":"open","ping_status":"open","sticky":false,"template":"","format":"standard","meta":{"footnotes":""},"categories":[22],"tags":[],"class_list":["post-162371","post","type-post","status-publish","format-standard","hentry","category-politica"],"_links":{"self":[{"href":"https:\/\/diariodominicano.com\/index.php?rest_route=\/wp\/v2\/posts\/162371","targetHints":{"allow":["GET"]}}],"collection":[{"href":"https:\/\/diariodominicano.com\/index.php?rest_route=\/wp\/v2\/posts"}],"about":[{"href":"https:\/\/diariodominicano.com\/index.php?rest_route=\/wp\/v2\/types\/post"}],"author":[{"embeddable":true,"href":"https:\/\/diariodominicano.com\/index.php?rest_route=\/wp\/v2\/users\/3"}],"replies":[{"embeddable":true,"href":"https:\/\/diariodominicano.com\/index.php?rest_route=%2Fwp%2Fv2%2Fcomments&post=162371"}],"version-history":[{"count":0,"href":"https:\/\/diariodominicano.com\/index.php?rest_route=\/wp\/v2\/posts\/162371\/revisions"}],"wp:attachment":[{"href":"https:\/\/diariodominicano.com\/index.php?rest_route=%2Fwp%2Fv2%2Fmedia&parent=162371"}],"wp:term":[{"taxonomy":"category","embeddable":true,"href":"https:\/\/diariodominicano.com\/index.php?rest_route=%2Fwp%2Fv2%2Fcategories&post=162371"},{"taxonomy":"post_tag","embeddable":true,"href":"https:\/\/diariodominicano.com\/index.php?rest_route=%2Fwp%2Fv2%2Ftags&post=162371"}],"curies":[{"name":"wp","href":"https:\/\/api.w.org\/{rel}","templated":true}]}}