{"id":162370,"date":"2014-08-21T15:08:50","date_gmt":"2014-08-21T15:08:50","guid":{"rendered":"http:\/\/diariodominicano.ddns.net\/?p=162370"},"modified":"2014-08-21T15:08:50","modified_gmt":"2014-08-21T15:08:50","slug":"francisco-javier-juramenta-comandos-de-campana-de-la-region-este","status":"publish","type":"post","link":"https:\/\/diariodominicano.com\/?p=162370","title":{"rendered":"Francisco Javier juramenta comandos de campa\u00f1a de la regi\u00f3n Este"},"content":{"rendered":"<p><body><\/p>\n<p><img decoding=\"async\" src=\"img3\/fran 21.jpg\" \/>  <\/p>\n<p>Francisco Javier juramenta comandos de campa\u00f1a de la regi\u00f3n Este<\/p>\n<\/p>\n<\/p>\n<p>El aspirante a la nominaci\u00f3n presidencial por el Partido de la Liberaci\u00f3n Dominicana, Francisco Javier, continuar\u00e1 este fin de semana sus actividades proselitistas, juramentando los comandos de campa\u00f1a de las provincias San Pedro de Macor\u00eds, El Seybo, La Romana, Hato Mayor e Higuey, en la regi\u00f3n Este del pa\u00eds.<\/p>\n<\/p>\n<p>Los cinco comandos de campa\u00f1a del proyecto presidencial Francisco Javier 2016, ser\u00e1n juramentados este domingo 24 de agosto, a las 4:00 de la tarde.<\/p>\n<\/p>\n<p>La actividad tendr\u00e1 lugar en la calle Jos\u00e9 Eugenio Kunhard, en San Pedro de Macor\u00eds, frente al ingenio Porvenir.<\/p>\n<\/p>\n<p>Previo, el s\u00e1bado, Francisco Javier recorrer\u00e1 las calles del sector Cancino, en el municipio Santo Domingo Este, provincia Santo Domingo, acompa\u00f1ado de cientos de sus seguidores, miembros, militantes y simpatizantes del PLD.<\/p>\n<\/p>\n<p>Es la tercera jornada de juramentaci\u00f3n de comandos de campa\u00f1a que realiza el precandidato presidencial peledeista, Francisco Javier, en menos de dos meses; ya antes jurament\u00f3 los comandos de campa\u00f1a de la L\u00ednea Noroeste, en Mao, provincia Valverde,  y los de las provincias Peravia, San Crist\u00f3bal, San Jos\u00e9 de Ocoa y Azua, en la regi\u00f3n Sur del pa\u00eds.<\/p>\n<\/p>\n<h6> 2014-08-21 15:08:50 <\/h6>\n<p><!--\n<link rel=\"stylesheet\" href=\"css\/bootstrap.min.css\">\n\n\n<ul class=\"pagination\">\n\t    \n\t\n\n<li >\n\t<a href='?page_no=14782'>Previous<\/a>\n\t<\/li>\n\n\n       \n    \n\n<li><a href='?page_no=1'>1<\/a><\/li>\n\n\n\n<li><a href='?page_no=2'>2<\/a><\/li>\n\n\n\n<li><a>...<\/a><\/li>\n\n\n\n<li><a href='?page_no=14781'>14781<\/a><\/li>\n\n\n\n<li><a href='?page_no=14782'>14782<\/a><\/li>\n\n\n\n<li class='active'><a>14783<\/a><\/li>\n\n\n\n<li><a href='?page_no=14784'>14784<\/a><\/li>\n\n\n\n<li><a href='?page_no=14785'>14785<\/a><\/li>\n\n\n\n<li><a>...<\/a><\/li>\n\n\n\n<li><a href='?page_no=36999'>36999<\/a><\/li>\n\n\n\n<li><a href='?page_no=37000'>37000<\/a><\/li>\n\n    \n\t\n\n<li >\n\t<a href='?page_no=14784'>Next<\/a>\n\t<\/li>\n\n\n    \n\n<li><a href='?page_no=37000'>Last &rsaquo;&rsaquo;<\/a><\/li>\n\n<\/ul>\n\n\n--><br \/>\n<\/body><\/p>\n","protected":false},"excerpt":{"rendered":"<p>Francisco Javier juramenta comandos de campa\u00f1a de la regi\u00f3n Este El aspirante a la nominaci\u00f3n presidencial por el Partido de la Liberaci\u00f3n Dominicana, Francisco Javier, continuar\u00e1 este fin de semana sus actividades proselitistas, juramentando los comandos de campa\u00f1a de las provincias San Pedro de Macor\u00eds, El Seybo, La Romana, Hato Mayor e Higuey, en la [&hellip;]<\/p>\n","protected":false},"author":3,"featured_media":0,"comment_status":"open","ping_status":"open","sticky":false,"template":"","format":"standard","meta":{"footnotes":""},"categories":[22],"tags":[],"class_list":["post-162370","post","type-post","status-publish","format-standard","hentry","category-politica"],"_links":{"self":[{"href":"https:\/\/diariodominicano.com\/index.php?rest_route=\/wp\/v2\/posts\/162370","targetHints":{"allow":["GET"]}}],"collection":[{"href":"https:\/\/diariodominicano.com\/index.php?rest_route=\/wp\/v2\/posts"}],"about":[{"href":"https:\/\/diariodominicano.com\/index.php?rest_route=\/wp\/v2\/types\/post"}],"author":[{"embeddable":true,"href":"https:\/\/diariodominicano.com\/index.php?rest_route=\/wp\/v2\/users\/3"}],"replies":[{"embeddable":true,"href":"https:\/\/diariodominicano.com\/index.php?rest_route=%2Fwp%2Fv2%2Fcomments&post=162370"}],"version-history":[{"count":0,"href":"https:\/\/diariodominicano.com\/index.php?rest_route=\/wp\/v2\/posts\/162370\/revisions"}],"wp:attachment":[{"href":"https:\/\/diariodominicano.com\/index.php?rest_route=%2Fwp%2Fv2%2Fmedia&parent=162370"}],"wp:term":[{"taxonomy":"category","embeddable":true,"href":"https:\/\/diariodominicano.com\/index.php?rest_route=%2Fwp%2Fv2%2Fcategories&post=162370"},{"taxonomy":"post_tag","embeddable":true,"href":"https:\/\/diariodominicano.com\/index.php?rest_route=%2Fwp%2Fv2%2Ftags&post=162370"}],"curies":[{"name":"wp","href":"https:\/\/api.w.org\/{rel}","templated":true}]}}