{"id":162368,"date":"2014-08-21T15:19:49","date_gmt":"2014-08-21T15:19:49","guid":{"rendered":"http:\/\/diariodominicano.ddns.net\/?p=162368"},"modified":"2014-08-21T15:19:49","modified_gmt":"2014-08-21T15:19:49","slug":"eddy-mateo-reeleccion-es-un-tema-con-serias-implicaciones-dentro-del-pld","status":"publish","type":"post","link":"https:\/\/diariodominicano.com\/?p=162368","title":{"rendered":"Eddy Mateo: \u00abReelecci\u00f3n es un tema con serias implicaciones dentro del PLD\u00bb"},"content":{"rendered":"<p><body><\/p>\n<p><img decoding=\"async\" src=\"img3\/reele 21.jpg\" \/>  <\/p>\n<p>Barahona RD 21 agosto.- La reelecci\u00f3n presidencial es un tema con serias implicaciones por resolver al interior del Partido de la Liberaci\u00f3n Dominicana, ya que la misma esta prohibida en la Constituci\u00f3n.<\/p>\n<\/p>\n<p>La consideraci\u00f3n fue externada por el senador por esta provincia, licenciado Eddy Mateo V\u00e1squez quien dijo que la reelecci\u00f3n  es un tema a tratar dentro de la sociedad.<\/p>\n<\/p>\n<p>\u00abLa reelecci\u00f3n es un tema previsto en el articulo 124 de la Carta Magna, por lo que el mismo conlleva serias implicaciones por resolver al interior del PLD y nuestra sociedad\u00bb, precis\u00f3.<\/p>\n<\/p>\n<p>Mateo V\u00e1squez ratific\u00f3 este jueves su apoyo al doctor  Leonel Fern\u00e1ndez para la candidatura presidencial para los comicios del 2016.<\/p>\n<\/p>\n<p>Dijo que el y un grupo de dirigentes del PLD en esta provincia trabaja en la formaci\u00f3n de grupos que respaldan la candidatura de Fern\u00e1ndez.<\/p>\n<\/p>\n<p>Precis\u00f3 que el ex presidente es una carta de triunfo, por lo que inst\u00f3 al PLD pres\u00e9ntalo sin problema.<\/p>\n<h6> 2014-08-21 15:19:49 <\/h6>\n<p><!--\n<link rel=\"stylesheet\" href=\"css\/bootstrap.min.css\">\n\n\n<ul class=\"pagination\">\n\t    \n\t\n\n<li >\n\t<a href='?page_no=14780'>Previous<\/a>\n\t<\/li>\n\n\n       \n    \n\n<li><a href='?page_no=1'>1<\/a><\/li>\n\n\n\n<li><a href='?page_no=2'>2<\/a><\/li>\n\n\n\n<li><a>...<\/a><\/li>\n\n\n\n<li><a href='?page_no=14779'>14779<\/a><\/li>\n\n\n\n<li><a href='?page_no=14780'>14780<\/a><\/li>\n\n\n\n<li class='active'><a>14781<\/a><\/li>\n\n\n\n<li><a href='?page_no=14782'>14782<\/a><\/li>\n\n\n\n<li><a href='?page_no=14783'>14783<\/a><\/li>\n\n\n\n<li><a>...<\/a><\/li>\n\n\n\n<li><a href='?page_no=36999'>36999<\/a><\/li>\n\n\n\n<li><a href='?page_no=37000'>37000<\/a><\/li>\n\n    \n\t\n\n<li >\n\t<a href='?page_no=14782'>Next<\/a>\n\t<\/li>\n\n\n    \n\n<li><a href='?page_no=37000'>Last &rsaquo;&rsaquo;<\/a><\/li>\n\n<\/ul>\n\n\n--><br \/>\n<\/body><\/p>\n","protected":false},"excerpt":{"rendered":"<p>Barahona RD 21 agosto.- La reelecci\u00f3n presidencial es un tema con serias implicaciones por resolver al interior del Partido de la Liberaci\u00f3n Dominicana, ya que la misma esta prohibida en la Constituci\u00f3n. La consideraci\u00f3n fue externada por el senador por esta provincia, licenciado Eddy Mateo V\u00e1squez quien dijo que la reelecci\u00f3n es un tema a [&hellip;]<\/p>\n","protected":false},"author":3,"featured_media":0,"comment_status":"open","ping_status":"open","sticky":false,"template":"","format":"standard","meta":{"footnotes":""},"categories":[22],"tags":[],"class_list":["post-162368","post","type-post","status-publish","format-standard","hentry","category-politica"],"_links":{"self":[{"href":"https:\/\/diariodominicano.com\/index.php?rest_route=\/wp\/v2\/posts\/162368","targetHints":{"allow":["GET"]}}],"collection":[{"href":"https:\/\/diariodominicano.com\/index.php?rest_route=\/wp\/v2\/posts"}],"about":[{"href":"https:\/\/diariodominicano.com\/index.php?rest_route=\/wp\/v2\/types\/post"}],"author":[{"embeddable":true,"href":"https:\/\/diariodominicano.com\/index.php?rest_route=\/wp\/v2\/users\/3"}],"replies":[{"embeddable":true,"href":"https:\/\/diariodominicano.com\/index.php?rest_route=%2Fwp%2Fv2%2Fcomments&post=162368"}],"version-history":[{"count":0,"href":"https:\/\/diariodominicano.com\/index.php?rest_route=\/wp\/v2\/posts\/162368\/revisions"}],"wp:attachment":[{"href":"https:\/\/diariodominicano.com\/index.php?rest_route=%2Fwp%2Fv2%2Fmedia&parent=162368"}],"wp:term":[{"taxonomy":"category","embeddable":true,"href":"https:\/\/diariodominicano.com\/index.php?rest_route=%2Fwp%2Fv2%2Fcategories&post=162368"},{"taxonomy":"post_tag","embeddable":true,"href":"https:\/\/diariodominicano.com\/index.php?rest_route=%2Fwp%2Fv2%2Ftags&post=162368"}],"curies":[{"name":"wp","href":"https:\/\/api.w.org\/{rel}","templated":true}]}}