{"id":162367,"date":"2014-08-21T15:23:41","date_gmt":"2014-08-21T15:23:41","guid":{"rendered":"http:\/\/diariodominicano.ddns.net\/?p=162367"},"modified":"2014-08-21T15:23:41","modified_gmt":"2014-08-21T15:23:41","slug":"legisladores-pld-creen-danilo-y-leonel-deben-hablar-del-tema-reeleccion","status":"publish","type":"post","link":"https:\/\/diariodominicano.com\/?p=162367","title":{"rendered":"Legisladores PLD creen Danilo y Leonel deben hablar del tema  reelecci\u00f3n &#13;"},"content":{"rendered":"<p><body><\/p>\n<p><img decoding=\"async\" src=\"img3\/euclides 21.jpg\" \/><br \/><img decoding=\"async\" src=\"img3\/paliza 21.jpg\" \/><br \/><img decoding=\"async\" src=\"img3\/calde 21.jpg\" \/>  <\/p>\n<p>Santo Domingo RD 21 agosto.- Los legisladores del Partido de la Liberaci\u00f3n Dominicana (PLD), expresaron este mi\u00e9rcoles para que haya una posible reelecci\u00f3n presidencial, el doctor Leonel Fern\u00e1ndez y el presidente Danilo Medina deber\u00e1n consensuar eso en el comit\u00e9 pol\u00edtico del partido morado.<\/p>\n<\/p>\n<p>El senador Euclides S\u00e1nchez se\u00f1al\u00f3 que en el PLD ese tema no est\u00e1 en agenda, pero que adem\u00e1s la Constituci\u00f3n es clara al establecer la  no reelecci\u00f3n de manera consecutiva.<\/p>\n<\/p>\n<p>No obstante, el legislador por La Vega dijo que  ser\u00eda bueno esperar que  el presidente  del PLD, doctor Fern\u00e1ndez y el jefe del Estado se pongan  de acuerdo en ese tema.<\/p>\n<\/p>\n<p>\u00abSi no hay acuerdo entre ellos  (Leonel y Danilo) va a generar una crisis pol\u00edtica que podr\u00eda llevarnos a la oposici\u00f3n\u00bb, advirti\u00f3 el senador S\u00e1nchez.  <\/p>\n<\/p>\n<p>De su lado, el senador Rafael Calder\u00f3n afirm\u00f3 que la postura del presidente Medina con la prensa fue muy inteligente y prudente, debido a que cada quien la va a dar la interpretaci\u00f3n a su conveniencia.<\/p>\n<\/p>\n<p>Indic\u00f3 que conociendo al  Presidente, duda mucho que busque  una reforma a la  Carta Magna.<\/p>\n<\/p>\n<p>El representante por Azua dijo que  podr\u00eda ser muy buena y tambi\u00e9n traum\u00e1tica. \u00abSi todos los sectores se ponen de acuerdo muy bien, pero eso es lo dif\u00edcil\u00bb, dijo.<\/p>\n<\/p>\n<p>En cambio, el  senador  Eddy Mateo dijo que si el presidente Medina asume dar ese paso \u00e9l y otros senadores trabajar\u00edan para la reelecci\u00f3n de manera activa.<\/p>\n<\/p>\n<p>\u00abConsidero que Medina ha hecho un gran trabajo frente al Poder Ejecutivo y sabemos tambi\u00e9n su posici\u00f3n sobre la reelecci\u00f3n; pero si decide eso con el apoyo del PLD, nosotros ser\u00edamos los primeros en impulsar ese proceso\u00bb, sostuvo el presentante por Barahona.<\/p>\n<\/p>\n<p>Mientras el diputado Teodoro Urbina Reyes apunt\u00f3 que el gobernante est\u00e1 desarrollando una obra de gobierno que no puede retrotraerse a lo que es el sentir del pueblo dominicano.<\/p>\n<\/p>\n<p>El representante por La Romana explic\u00f3 que en  pol\u00edtica nada es verdad ni nada es mentira, sino que todo es del cristal con que se mira.<\/p>\n<\/p>\n<p>Sostiene que el  Presidente es un activo del PLD, que se tendr\u00e1 que valorar y decidir en consecuencia.<\/p>\n<\/p>\n<p>En tanto, el diputado Jos\u00e9 Ignacio  Paliza  manifest\u00f3 que las condiciones no est\u00e1n dadas en el Congreso Nacional para modificar la Constituci\u00f3n, a un proyecto reeleccionista.<\/p>\n<\/p>\n<p>El congresista por la provincia de Puerto Plata record\u00f3 que proyectos han tenido como resultados consecuencias funestas y ponder\u00f3 que no ser\u00eda inteligente  realizar la 37 modificaci\u00f3n a la Carta Sustantiva para tales fines.  <\/p>\n<h6> 2014-08-21 15:23:41 <\/h6>\n<p><!--\n<link rel=\"stylesheet\" href=\"css\/bootstrap.min.css\">\n\n\n<ul class=\"pagination\">\n\t    \n\t\n\n<li >\n\t<a href='?page_no=14779'>Previous<\/a>\n\t<\/li>\n\n\n       \n    \n\n<li><a href='?page_no=1'>1<\/a><\/li>\n\n\n\n<li><a href='?page_no=2'>2<\/a><\/li>\n\n\n\n<li><a>...<\/a><\/li>\n\n\n\n<li><a href='?page_no=14778'>14778<\/a><\/li>\n\n\n\n<li><a href='?page_no=14779'>14779<\/a><\/li>\n\n\n\n<li class='active'><a>14780<\/a><\/li>\n\n\n\n<li><a href='?page_no=14781'>14781<\/a><\/li>\n\n\n\n<li><a href='?page_no=14782'>14782<\/a><\/li>\n\n\n\n<li><a>...<\/a><\/li>\n\n\n\n<li><a href='?page_no=36999'>36999<\/a><\/li>\n\n\n\n<li><a href='?page_no=37000'>37000<\/a><\/li>\n\n    \n\t\n\n<li >\n\t<a href='?page_no=14781'>Next<\/a>\n\t<\/li>\n\n\n    \n\n<li><a href='?page_no=37000'>Last &rsaquo;&rsaquo;<\/a><\/li>\n\n<\/ul>\n\n\n--><br \/>\n<\/body><\/p>\n","protected":false},"excerpt":{"rendered":"<p>Santo Domingo RD 21 agosto.- Los legisladores del Partido de la Liberaci\u00f3n Dominicana (PLD), expresaron este mi\u00e9rcoles para que haya una posible reelecci\u00f3n presidencial, el doctor Leonel Fern\u00e1ndez y el presidente Danilo Medina deber\u00e1n consensuar eso en el comit\u00e9 pol\u00edtico del partido morado. El senador Euclides S\u00e1nchez se\u00f1al\u00f3 que en el PLD ese tema no [&hellip;]<\/p>\n","protected":false},"author":3,"featured_media":0,"comment_status":"open","ping_status":"open","sticky":false,"template":"","format":"standard","meta":{"footnotes":""},"categories":[22],"tags":[],"class_list":["post-162367","post","type-post","status-publish","format-standard","hentry","category-politica"],"_links":{"self":[{"href":"https:\/\/diariodominicano.com\/index.php?rest_route=\/wp\/v2\/posts\/162367","targetHints":{"allow":["GET"]}}],"collection":[{"href":"https:\/\/diariodominicano.com\/index.php?rest_route=\/wp\/v2\/posts"}],"about":[{"href":"https:\/\/diariodominicano.com\/index.php?rest_route=\/wp\/v2\/types\/post"}],"author":[{"embeddable":true,"href":"https:\/\/diariodominicano.com\/index.php?rest_route=\/wp\/v2\/users\/3"}],"replies":[{"embeddable":true,"href":"https:\/\/diariodominicano.com\/index.php?rest_route=%2Fwp%2Fv2%2Fcomments&post=162367"}],"version-history":[{"count":0,"href":"https:\/\/diariodominicano.com\/index.php?rest_route=\/wp\/v2\/posts\/162367\/revisions"}],"wp:attachment":[{"href":"https:\/\/diariodominicano.com\/index.php?rest_route=%2Fwp%2Fv2%2Fmedia&parent=162367"}],"wp:term":[{"taxonomy":"category","embeddable":true,"href":"https:\/\/diariodominicano.com\/index.php?rest_route=%2Fwp%2Fv2%2Fcategories&post=162367"},{"taxonomy":"post_tag","embeddable":true,"href":"https:\/\/diariodominicano.com\/index.php?rest_route=%2Fwp%2Fv2%2Ftags&post=162367"}],"curies":[{"name":"wp","href":"https:\/\/api.w.org\/{rel}","templated":true}]}}