{"id":162365,"date":"2014-08-21T15:42:42","date_gmt":"2014-08-21T15:42:42","guid":{"rendered":"http:\/\/diariodominicano.ddns.net\/?p=162365"},"modified":"2014-08-21T15:42:42","modified_gmt":"2014-08-21T15:42:42","slug":"prsc-denuncia-carestia-de-utiles-escolares-y-la-cuota-de-inscripcion","status":"publish","type":"post","link":"https:\/\/diariodominicano.com\/?p=162365","title":{"rendered":"PRSC denuncia  carest\u00eda de \u00fatiles escolares y  la cuota de inscripci\u00f3n"},"content":{"rendered":"<p><body><\/p>\n<p><img decoding=\"async\" src=\"img3\/quique 21.php.html\" \/>  <\/p>\n<p>Santo Domingo RD 21 agosto de 2014.- El Partido Reformista Social Cristiano (PRSC) denunci\u00f3 la carest\u00eda de los \u00fatiles escolares, el aumento de la cuota de inscripci\u00f3n y las mensualidades en los colegios privados.<\/p>\n<\/p>\n<p>Federico Ant\u00fan Batlle (Quique), presidente de dicho partido, dice en un documento que \u00abes inexplicable c\u00f3mo en la Rep\u00fablica Dominicana se permite que hayan sectores que atenten contra el desarrollo de la Patria, en virtud de que la educaci\u00f3n es la columna vertebral y la base fundamental del desarrollo de un pueblo\u00bb.<\/p>\n<\/p>\n<p>Agrega que \u00abque se hace necesario e impostergable que las instituciones que regulan los colegios privados, los sometan al cumplimiento de la Ley de Educaci\u00f3n y los obliguen a operar con sentido patri\u00f3tico\u00bb.<\/p>\n<\/p>\n<p>\u00abLos hombres y mujeres pobres y de clase media de este pa\u00eds no soportan los altos gastos en que tienen que incurrir cada a\u00f1o comprando los mismos libros de textos sin ninguna variaci\u00f3n de importancia y haciendo grandes sacrificios econ\u00f3micos que mellan considerablemente el salario que devengan\u00bb, manifesta..<\/p>\n<\/p>\n<p>A\u00f1ade que \u00abla sociedad dominicana no soporta m\u00e1s cargas impositivas, no aguanta m\u00e1s gastos, por lo que es inaceptable que a\u00f1os tras a\u00f1os se les permita a estas instituciones cambiar antojadizamente los libros de textos, muchos de ellos en buen estado f\u00edsico y, en algunos casos, nuevos, y encima de todo eso, aumenten sin ninguna regulaci\u00f3n las inscripciones y mensualidades de los centros educativos, por lo que miles de padres hacen grandes sacrificios para enviar a sus hijos a recibir docencia\u00bb.<\/p>\n<\/p>\n<p>En ese sentido, llama a las autoridades educativas, legisladores y a la sociedad civil a que \u00abasuman el compromiso de defensa de los mejores intereses de la naci\u00f3n y levanten la bandera nacional en favor de los m\u00e1s necesitados, para garantizar que los ni\u00f1os tengan el camino de la educaci\u00f3n libre de cualquier inter\u00e9s que no sea el de su preparaci\u00f3n y conversi\u00f3n en profesionales de bien\u00bb.<\/p>\n<\/p>\n<h6> 2014-08-21 15:42:42 <\/h6>\n<p><!--\n<link rel=\"stylesheet\" href=\"css\/bootstrap.min.css\">\n\n\n<ul class=\"pagination\">\n\t    \n\t\n\n<li >\n\t<a href='?page_no=14778'>Previous<\/a>\n\t<\/li>\n\n\n       \n    \n\n<li><a href='?page_no=1'>1<\/a><\/li>\n\n\n\n<li><a href='?page_no=2'>2<\/a><\/li>\n\n\n\n<li><a>...<\/a><\/li>\n\n\n\n<li><a href='?page_no=14777'>14777<\/a><\/li>\n\n\n\n<li><a href='?page_no=14778'>14778<\/a><\/li>\n\n\n\n<li class='active'><a>14779<\/a><\/li>\n\n\n\n<li><a href='?page_no=14780'>14780<\/a><\/li>\n\n\n\n<li><a href='?page_no=14781'>14781<\/a><\/li>\n\n\n\n<li><a>...<\/a><\/li>\n\n\n\n<li><a href='?page_no=36999'>36999<\/a><\/li>\n\n\n\n<li><a href='?page_no=37000'>37000<\/a><\/li>\n\n    \n\t\n\n<li >\n\t<a href='?page_no=14780'>Next<\/a>\n\t<\/li>\n\n\n    \n\n<li><a href='?page_no=37000'>Last &rsaquo;&rsaquo;<\/a><\/li>\n\n<\/ul>\n\n\n--><br \/>\n<\/body><\/p>\n","protected":false},"excerpt":{"rendered":"<p>Santo Domingo RD 21 agosto de 2014.- El Partido Reformista Social Cristiano (PRSC) denunci\u00f3 la carest\u00eda de los \u00fatiles escolares, el aumento de la cuota de inscripci\u00f3n y las mensualidades en los colegios privados. Federico Ant\u00fan Batlle (Quique), presidente de dicho partido, dice en un documento que \u00abes inexplicable c\u00f3mo en la Rep\u00fablica Dominicana se [&hellip;]<\/p>\n","protected":false},"author":3,"featured_media":0,"comment_status":"open","ping_status":"open","sticky":false,"template":"","format":"standard","meta":{"footnotes":""},"categories":[22],"tags":[],"class_list":["post-162365","post","type-post","status-publish","format-standard","hentry","category-politica"],"_links":{"self":[{"href":"https:\/\/diariodominicano.com\/index.php?rest_route=\/wp\/v2\/posts\/162365","targetHints":{"allow":["GET"]}}],"collection":[{"href":"https:\/\/diariodominicano.com\/index.php?rest_route=\/wp\/v2\/posts"}],"about":[{"href":"https:\/\/diariodominicano.com\/index.php?rest_route=\/wp\/v2\/types\/post"}],"author":[{"embeddable":true,"href":"https:\/\/diariodominicano.com\/index.php?rest_route=\/wp\/v2\/users\/3"}],"replies":[{"embeddable":true,"href":"https:\/\/diariodominicano.com\/index.php?rest_route=%2Fwp%2Fv2%2Fcomments&post=162365"}],"version-history":[{"count":0,"href":"https:\/\/diariodominicano.com\/index.php?rest_route=\/wp\/v2\/posts\/162365\/revisions"}],"wp:attachment":[{"href":"https:\/\/diariodominicano.com\/index.php?rest_route=%2Fwp%2Fv2%2Fmedia&parent=162365"}],"wp:term":[{"taxonomy":"category","embeddable":true,"href":"https:\/\/diariodominicano.com\/index.php?rest_route=%2Fwp%2Fv2%2Fcategories&post=162365"},{"taxonomy":"post_tag","embeddable":true,"href":"https:\/\/diariodominicano.com\/index.php?rest_route=%2Fwp%2Fv2%2Ftags&post=162365"}],"curies":[{"name":"wp","href":"https:\/\/api.w.org\/{rel}","templated":true}]}}