{"id":162364,"date":"2014-08-21T16:01:49","date_gmt":"2014-08-21T16:01:49","guid":{"rendered":"http:\/\/diariodominicano.ddns.net\/?p=162364"},"modified":"2014-08-21T16:01:49","modified_gmt":"2014-08-21T16:01:49","slug":"hector-guzman-afirma-la-formula-ganadora-es-hipolito-luis-en-el-2016","status":"publish","type":"post","link":"https:\/\/diariodominicano.com\/?p=162364","title":{"rendered":"H\u00e9ctor Guzm\u00e1n  afirma  \u00abLa f\u00f3rmula ganadora es Hip\u00f3lito-Luis en el 2016\u00bb"},"content":{"rendered":"<p><body><\/p>\n<p><img decoding=\"async\" src=\"img3\/hector 21.jpg\" \/><br \/><img decoding=\"async\" src=\"img3\/asi 21.jpg\" \/>  <\/p>\n<p><span class=\"text1noticias\">Santo Domingo RD 21 agosto de 2014.- El vocero de Hip\u00f3lito Mej\u00eda, H\u00e9ctor Guzm\u00e1n, afirm\u00f3  que el ex presidente ser\u00e1 el candidato del Partido Revolucionario Mayoritario (PRM) y de la oposici\u00f3n en el 2016 y que Luis Abinader es el favorito para la candidatura vicepresidencial.<\/span><\/p>\n<p><span class=\"text1noticias\"> <\/span><\/p>\n<p><span class=\"text1noticias\">Sostuvo que en las encuestas internas que hace el PRM, la f\u00f3rmula que sale favorita es la de Mej\u00eda-Abinader. \u00abCuando se pregunta la f\u00f3rmula que la poblaci\u00f3n puede favorecer vuelve y sale Hip\u00f3lito-Luis, no es que yo quiera, es que esa es la f\u00f3rmula que gana. Las encuestas son para eso en la pol\u00edtica, te van indicando por d\u00f3nde va la cosa\u00bb, observ\u00f3.<\/span><\/p>\n<p><span class=\"text1noticias\"> <\/span><\/p>\n<p><span class=\"text1noticias\">En la continuidad de sus argumentos sobre la fortaleza de Mej\u00eda, dijo: \u00abAqu\u00ed es de presidentes en el escenario que se habla: Leonel, Hip\u00f3lito y Danilo en el escenario y eso pesa mucho en una sociedad como esta\u00bb.<\/span><\/p>\n<p><span class=\"text1noticias\"> <\/span><\/p>\n<p><span class=\"text1noticias\">Cuestionado sobre el proyecto presidencial de Abinader y la fecha en que se escoger\u00e1 el candidato presidencial, Guzm\u00e1n dijo que \u00abnosotros en elegir el candidato, no tenemos prisa porque sabemos que Hip\u00f3lito Mej\u00eda ser\u00e1 el candidato sin ning\u00fan problema\u00bb.<\/span><\/p>\n<p><span class=\"text1noticias\"> <\/span><\/p>\n<p><span class=\"text1noticias\">Guzm\u00e1n hizo el planteamiento a pesar de que el excompa\u00f1ero de f\u00f3rmula de Mej\u00eda, Luis Abinader, ha reiterado en varias ocasiones que no repetir\u00e1 como aspirante vicepresidencial porque es una etapa superada en su carrera pol\u00edtica.<\/span><\/p>\n<p><span class=\"text1noticias\"> <\/span><\/p>\n<p><span class=\"text1noticias\">Sostuvo que no es posible descartar a Mej\u00eda debido a que obtuvo el 47% de los votos en las elecciones pasadas y que esos niveles de popularidad no se construyen de la noche a la ma\u00f1ana y que mucho menos una candidatura presidencial se coloca en seis o siete meses.<\/span><\/p>\n<p><span class=\"text1noticias\"> <\/span><\/p>\n<p><span class=\"text1noticias\">El vocero del expresidente dijo que Mej\u00eda ha instando tambi\u00e9n a Fidel Santana, candidato presidencial del Frente Amplio, a que active su proyecto en la conquista de votos para la Convergencia.<\/span><\/p>\n<p><span class=\"text1noticias\"> <\/span><\/p>\n<p><span class=\"text1noticias\">Inform\u00f3 que ser\u00e1 cuando concluyan la conformaci\u00f3n del PRM que el equipo de Mej\u00eda oficializar\u00e1 su candidatura presidencial por el PRM. Afirm\u00f3 que la Convergencia y sus integrantes est\u00e1n claros en eso. <\/span><\/p>\n<p><span class=\"text1noticias\"> <\/span><\/p>\n<p><span class=\"text1noticias\">Descart\u00f3 la posibilidad de que se d\u00e9 una alianza a nivel congresual y municipal entre el Partido Revolucionario Mayoritario (PRM) y el Partido Revolucionario Dominicano (PRD). \u00abPara nosotros el caso del PRD es un caso cerrado\u00bb, sentenci\u00f3 Guzm\u00e1n.<\/span><\/p>\n<\/p>\n<\/p>\n<\/p>\n<h6> 2014-08-21 16:01:49 <\/h6>\n<p><!--\n<link rel=\"stylesheet\" href=\"css\/bootstrap.min.css\">\n\n\n<ul class=\"pagination\">\n\t    \n\t\n\n<li >\n\t<a href='?page_no=14777'>Previous<\/a>\n\t<\/li>\n\n\n       \n    \n\n<li><a href='?page_no=1'>1<\/a><\/li>\n\n\n\n<li><a href='?page_no=2'>2<\/a><\/li>\n\n\n\n<li><a>...<\/a><\/li>\n\n\n\n<li><a href='?page_no=14776'>14776<\/a><\/li>\n\n\n\n<li><a href='?page_no=14777'>14777<\/a><\/li>\n\n\n\n<li class='active'><a>14778<\/a><\/li>\n\n\n\n<li><a href='?page_no=14779'>14779<\/a><\/li>\n\n\n\n<li><a href='?page_no=14780'>14780<\/a><\/li>\n\n\n\n<li><a>...<\/a><\/li>\n\n\n\n<li><a href='?page_no=36999'>36999<\/a><\/li>\n\n\n\n<li><a href='?page_no=37000'>37000<\/a><\/li>\n\n    \n\t\n\n<li >\n\t<a href='?page_no=14779'>Next<\/a>\n\t<\/li>\n\n\n    \n\n<li><a href='?page_no=37000'>Last &rsaquo;&rsaquo;<\/a><\/li>\n\n<\/ul>\n\n\n--><br \/>\n<\/body><\/p>\n","protected":false},"excerpt":{"rendered":"<p>Santo Domingo RD 21 agosto de 2014.- El vocero de Hip\u00f3lito Mej\u00eda, H\u00e9ctor Guzm\u00e1n, afirm\u00f3 que el ex presidente ser\u00e1 el candidato del Partido Revolucionario Mayoritario (PRM) y de la oposici\u00f3n en el 2016 y que Luis Abinader es el favorito para la candidatura vicepresidencial. Sostuvo que en las encuestas internas que hace el PRM, [&hellip;]<\/p>\n","protected":false},"author":3,"featured_media":0,"comment_status":"open","ping_status":"open","sticky":false,"template":"","format":"standard","meta":{"footnotes":""},"categories":[22],"tags":[],"class_list":["post-162364","post","type-post","status-publish","format-standard","hentry","category-politica"],"_links":{"self":[{"href":"https:\/\/diariodominicano.com\/index.php?rest_route=\/wp\/v2\/posts\/162364","targetHints":{"allow":["GET"]}}],"collection":[{"href":"https:\/\/diariodominicano.com\/index.php?rest_route=\/wp\/v2\/posts"}],"about":[{"href":"https:\/\/diariodominicano.com\/index.php?rest_route=\/wp\/v2\/types\/post"}],"author":[{"embeddable":true,"href":"https:\/\/diariodominicano.com\/index.php?rest_route=\/wp\/v2\/users\/3"}],"replies":[{"embeddable":true,"href":"https:\/\/diariodominicano.com\/index.php?rest_route=%2Fwp%2Fv2%2Fcomments&post=162364"}],"version-history":[{"count":0,"href":"https:\/\/diariodominicano.com\/index.php?rest_route=\/wp\/v2\/posts\/162364\/revisions"}],"wp:attachment":[{"href":"https:\/\/diariodominicano.com\/index.php?rest_route=%2Fwp%2Fv2%2Fmedia&parent=162364"}],"wp:term":[{"taxonomy":"category","embeddable":true,"href":"https:\/\/diariodominicano.com\/index.php?rest_route=%2Fwp%2Fv2%2Fcategories&post=162364"},{"taxonomy":"post_tag","embeddable":true,"href":"https:\/\/diariodominicano.com\/index.php?rest_route=%2Fwp%2Fv2%2Ftags&post=162364"}],"curies":[{"name":"wp","href":"https:\/\/api.w.org\/{rel}","templated":true}]}}