{"id":162363,"date":"2014-08-21T16:53:07","date_gmt":"2014-08-21T16:53:07","guid":{"rendered":"http:\/\/diariodominicano.ddns.net\/?p=162363"},"modified":"2014-08-21T16:53:07","modified_gmt":"2014-08-21T16:53:07","slug":"alcalde-juan-de-los-santos-pide-a-danilo-no-distraerse-con-tema-reeleccionista","status":"publish","type":"post","link":"https:\/\/diariodominicano.com\/?p=162363","title":{"rendered":"&#13;Alcalde Juan de los Santos pide a Danilo no distraerse con tema reeleccionista&#13;"},"content":{"rendered":"<p><body><\/p>\n<p><img decoding=\"async\" src=\"img3\/juan 21.jpg\" \/>  <\/p>\n<p>Santo Domingo RD 21 agoasto.- El alcalde del Municipio Santo Domingo Este, Juan de  los Santos, exhort\u00f3 este jueves al presidente Danilo Medina a concentrarse en el cumplimiento de su gesti\u00f3n y no distraerse en asuntos reeleccionistas.<\/p>\n<\/p>\n<p>De Los Santos entiende que Medina deber\u00eda mantenerse enfocado en continuar con el buen desarrollo de su elogiada gesti\u00f3n<\/p>\n<\/p>\n<p>\u00abQue siga concentrado en la gesti\u00f3n y en su Gobierno que hasta ahora ha sido muy positivo, la gente tiene una valoraci\u00f3n, ha inspirado confianza, es un Gobierno que los ciudadanos lo ven cerca de la gente y a su presidente y por lo tanto no debe distraerse en estos momentos en estar pensando en un proyecto reeleccionista\u00bb, consider\u00f3 De los Santos.<\/p>\n<\/p>\n<p>El tambi\u00e9n presidente de La Federaci\u00f3n Dominicana de Municipios ?Fedomu- ofreci\u00f3 las declaraciones durante un seminario especializado en municipalidad donde garantiz\u00f3 que como principal dirigente de los municipios continuar\u00e1n los trabajos luego de la firma del pacto por la municipalidad.<\/p>\n<\/p>\n<h6> 2014-08-21 16:53:07 <\/h6>\n<p><!--\n<link rel=\"stylesheet\" href=\"css\/bootstrap.min.css\">\n\n\n<ul class=\"pagination\">\n\t    \n\t\n\n<li >\n\t<a href='?page_no=14776'>Previous<\/a>\n\t<\/li>\n\n\n       \n    \n\n<li><a href='?page_no=1'>1<\/a><\/li>\n\n\n\n<li><a href='?page_no=2'>2<\/a><\/li>\n\n\n\n<li><a>...<\/a><\/li>\n\n\n\n<li><a href='?page_no=14775'>14775<\/a><\/li>\n\n\n\n<li><a href='?page_no=14776'>14776<\/a><\/li>\n\n\n\n<li class='active'><a>14777<\/a><\/li>\n\n\n\n<li><a href='?page_no=14778'>14778<\/a><\/li>\n\n\n\n<li><a href='?page_no=14779'>14779<\/a><\/li>\n\n\n\n<li><a>...<\/a><\/li>\n\n\n\n<li><a href='?page_no=36999'>36999<\/a><\/li>\n\n\n\n<li><a href='?page_no=37000'>37000<\/a><\/li>\n\n    \n\t\n\n<li >\n\t<a href='?page_no=14778'>Next<\/a>\n\t<\/li>\n\n\n    \n\n<li><a href='?page_no=37000'>Last &rsaquo;&rsaquo;<\/a><\/li>\n\n<\/ul>\n\n\n--><br \/>\n<\/body><\/p>\n","protected":false},"excerpt":{"rendered":"<p>Santo Domingo RD 21 agoasto.- El alcalde del Municipio Santo Domingo Este, Juan de los Santos, exhort\u00f3 este jueves al presidente Danilo Medina a concentrarse en el cumplimiento de su gesti\u00f3n y no distraerse en asuntos reeleccionistas. De Los Santos entiende que Medina deber\u00eda mantenerse enfocado en continuar con el buen desarrollo de su elogiada [&hellip;]<\/p>\n","protected":false},"author":3,"featured_media":0,"comment_status":"open","ping_status":"open","sticky":false,"template":"","format":"standard","meta":{"footnotes":""},"categories":[22],"tags":[],"class_list":["post-162363","post","type-post","status-publish","format-standard","hentry","category-politica"],"_links":{"self":[{"href":"https:\/\/diariodominicano.com\/index.php?rest_route=\/wp\/v2\/posts\/162363","targetHints":{"allow":["GET"]}}],"collection":[{"href":"https:\/\/diariodominicano.com\/index.php?rest_route=\/wp\/v2\/posts"}],"about":[{"href":"https:\/\/diariodominicano.com\/index.php?rest_route=\/wp\/v2\/types\/post"}],"author":[{"embeddable":true,"href":"https:\/\/diariodominicano.com\/index.php?rest_route=\/wp\/v2\/users\/3"}],"replies":[{"embeddable":true,"href":"https:\/\/diariodominicano.com\/index.php?rest_route=%2Fwp%2Fv2%2Fcomments&post=162363"}],"version-history":[{"count":0,"href":"https:\/\/diariodominicano.com\/index.php?rest_route=\/wp\/v2\/posts\/162363\/revisions"}],"wp:attachment":[{"href":"https:\/\/diariodominicano.com\/index.php?rest_route=%2Fwp%2Fv2%2Fmedia&parent=162363"}],"wp:term":[{"taxonomy":"category","embeddable":true,"href":"https:\/\/diariodominicano.com\/index.php?rest_route=%2Fwp%2Fv2%2Fcategories&post=162363"},{"taxonomy":"post_tag","embeddable":true,"href":"https:\/\/diariodominicano.com\/index.php?rest_route=%2Fwp%2Fv2%2Ftags&post=162363"}],"curies":[{"name":"wp","href":"https:\/\/api.w.org\/{rel}","templated":true}]}}