{"id":162362,"date":"2014-08-21T17:58:50","date_gmt":"2014-08-21T17:58:50","guid":{"rendered":"http:\/\/diariodominicano.ddns.net\/?p=162362"},"modified":"2014-08-21T17:58:50","modified_gmt":"2014-08-21T17:58:50","slug":"reinaldo-pared-perez-aclara-que-ha-sido-el-pld-quien-primero-rechazo-sentencia-del-tsa-que-suspende-licitacion-de-plantas","status":"publish","type":"post","link":"https:\/\/diariodominicano.com\/?p=162362","title":{"rendered":"&#13;&#13;&#13;Reinaldo Pared P\u00e9rez aclara que ha sido el PLD quien primero rechaz\u00f3 sentencia del TSA que suspende licitaci\u00f3n de plantas"},"content":{"rendered":"<p><body><\/p>\n<p><img decoding=\"async\" src=\"img3\/reinaldo.jpg\" \/>  <\/p>\n<\/p>\n<p><span class=\"text1noticias\"> <\/span><\/p>\n<p><span class=\"text1noticias\">Santo Domingo, RD, 21 de agosto.- El secretario general del Partido de la Liberaci\u00f3n Dominicana (PLD), Reinaldo Pared P\u00e9rez,  reiter\u00f3 su oposici\u00f3n a la decisi\u00f3n  del Tribunal Superior Administrativo (TSA) de suspender el proceso de licitaci\u00f3n p\u00fablica internacional para la construcci\u00f3n de las plantas el\u00e9ctricas que construye el gobierno en Punta Catalina, provincia Peravia.<\/span><\/p>\n<\/p>\n<p><span class=\"text1noticias\">En llamada telef\u00f3nica al programa radial  El Sol de la Ma\u00f1ana el vocero del PLD  record\u00f3 que fue \u00e9l quien  primero  conden\u00f3 la sentencia  que suspende  la licitaci\u00f3n para la construcci\u00f3n de la Central Termoel\u00e9ctrica Punta Catalina.<\/span><\/p>\n<p><span class=\"text1noticias\"> <\/span><\/p>\n<p><span class=\"text1noticias\">La reacci\u00f3n de Pared P\u00e9rez, mediante el comunicador Cabral es en obvia referencia a las declaraciones del  miembro del Comit\u00e9 Central peledeista, Melanio Paredes, quien solicita a la direcci\u00f3n del PLD fijar posici\u00f3n y movilizar sus fuerzas para enfrentar el boicot con el que se pretende paralizar la construcci\u00f3n de las referidas plantas.<\/span><\/p>\n<p><span class=\"text1noticias\"> <\/span><\/p>\n<p><span class=\"text1noticias\">Paredes refiri\u00f3 lo dicho por el presidente Danilo Mediana de que la construcci\u00f3n de esas plantas es un asunto de Estado y que por tal raz\u00f3n el Partido de la Liberaci\u00f3n Dominicana deber\u00eda ofrecerle todo su respaldo.<\/span><\/p>\n<p><span class=\"text1noticias\"> <\/span><\/p>\n<p><span class=\"text1noticias\">\u00abEl PLD debe ponerse detr\u00e1s de su gobierno y apoyarlo en todas las esferas para que este proceso llegu\u00e9 a feliz t\u00e9rmino\u00bb, enfatiz\u00f3  Melanio Paredes, tambi\u00e9n al mismo programa radial matutino.<\/span><\/p>\n<p><span class=\"text1noticias\"> <\/span><\/p>\n<p><span class=\"text1noticias\">Paredes critic\u00f3 que el Partido de la Liberaci\u00f3n Dominicana est\u00e9 ausente de los grandes temas nacionales, sobre todo despu\u00e9s que lleg\u00f3 al poder, tal y como se hac\u00eda cuando estaba en la oposici\u00f3n y estando vivo el profesor Juan Bosch.<\/span><\/p>\n<p><span class=\"text1noticias\"> <\/span><\/p>\n<p><span class=\"text1noticias\">Consider\u00f3 como una aberraci\u00f3n que en pleno siglo XXI los dominicanos no tengan una energ\u00eda asequible y a precio justo en los hogares, con lo cual mejorar\u00eda su calidad de vida y se contribuir\u00eda de manera m\u00e1s eficaz el desarrollo del pa\u00eds.<\/span><\/p>\n<h6> 2014-08-21 17:58:50 <\/h6>\n<p><!--\n<link rel=\"stylesheet\" href=\"css\/bootstrap.min.css\">\n\n\n<ul class=\"pagination\">\n\t    \n\t\n\n<li >\n\t<a href='?page_no=14775'>Previous<\/a>\n\t<\/li>\n\n\n       \n    \n\n<li><a href='?page_no=1'>1<\/a><\/li>\n\n\n\n<li><a href='?page_no=2'>2<\/a><\/li>\n\n\n\n<li><a>...<\/a><\/li>\n\n\n\n<li><a href='?page_no=14774'>14774<\/a><\/li>\n\n\n\n<li><a href='?page_no=14775'>14775<\/a><\/li>\n\n\n\n<li class='active'><a>14776<\/a><\/li>\n\n\n\n<li><a href='?page_no=14777'>14777<\/a><\/li>\n\n\n\n<li><a href='?page_no=14778'>14778<\/a><\/li>\n\n\n\n<li><a>...<\/a><\/li>\n\n\n\n<li><a href='?page_no=36999'>36999<\/a><\/li>\n\n\n\n<li><a href='?page_no=37000'>37000<\/a><\/li>\n\n    \n\t\n\n<li >\n\t<a href='?page_no=14777'>Next<\/a>\n\t<\/li>\n\n\n    \n\n<li><a href='?page_no=37000'>Last &rsaquo;&rsaquo;<\/a><\/li>\n\n<\/ul>\n\n\n--><br \/>\n<\/body><\/p>\n","protected":false},"excerpt":{"rendered":"<p>Santo Domingo, RD, 21 de agosto.- El secretario general del Partido de la Liberaci\u00f3n Dominicana (PLD), Reinaldo Pared P\u00e9rez, reiter\u00f3 su oposici\u00f3n a la decisi\u00f3n del Tribunal Superior Administrativo (TSA) de suspender el proceso de licitaci\u00f3n p\u00fablica internacional para la construcci\u00f3n de las plantas el\u00e9ctricas que construye el gobierno en Punta Catalina, provincia Peravia. En [&hellip;]<\/p>\n","protected":false},"author":3,"featured_media":0,"comment_status":"open","ping_status":"open","sticky":false,"template":"","format":"standard","meta":{"footnotes":""},"categories":[22],"tags":[],"class_list":["post-162362","post","type-post","status-publish","format-standard","hentry","category-politica"],"_links":{"self":[{"href":"https:\/\/diariodominicano.com\/index.php?rest_route=\/wp\/v2\/posts\/162362","targetHints":{"allow":["GET"]}}],"collection":[{"href":"https:\/\/diariodominicano.com\/index.php?rest_route=\/wp\/v2\/posts"}],"about":[{"href":"https:\/\/diariodominicano.com\/index.php?rest_route=\/wp\/v2\/types\/post"}],"author":[{"embeddable":true,"href":"https:\/\/diariodominicano.com\/index.php?rest_route=\/wp\/v2\/users\/3"}],"replies":[{"embeddable":true,"href":"https:\/\/diariodominicano.com\/index.php?rest_route=%2Fwp%2Fv2%2Fcomments&post=162362"}],"version-history":[{"count":0,"href":"https:\/\/diariodominicano.com\/index.php?rest_route=\/wp\/v2\/posts\/162362\/revisions"}],"wp:attachment":[{"href":"https:\/\/diariodominicano.com\/index.php?rest_route=%2Fwp%2Fv2%2Fmedia&parent=162362"}],"wp:term":[{"taxonomy":"category","embeddable":true,"href":"https:\/\/diariodominicano.com\/index.php?rest_route=%2Fwp%2Fv2%2Fcategories&post=162362"},{"taxonomy":"post_tag","embeddable":true,"href":"https:\/\/diariodominicano.com\/index.php?rest_route=%2Fwp%2Fv2%2Ftags&post=162362"}],"curies":[{"name":"wp","href":"https:\/\/api.w.org\/{rel}","templated":true}]}}