{"id":162361,"date":"2014-08-22T04:01:38","date_gmt":"2014-08-22T04:01:38","guid":{"rendered":"http:\/\/diariodominicano.ddns.net\/?p=162361"},"modified":"2014-08-22T04:01:38","modified_gmt":"2014-08-22T04:01:38","slug":"la-apd-dice-las-plantas-a-carbon-son-contrarias-al-interes-nacional-y-conspiran-contra-la-salud-del-pueblo-dominicano","status":"publish","type":"post","link":"https:\/\/diariodominicano.com\/?p=162361","title":{"rendered":"La APD dice  las plantas a carb\u00f3n son contrarias al inter\u00e9s nacional y conspiran contra la salud del pueblo dominicano"},"content":{"rendered":"<p><body><\/p>\n<p><img decoding=\"async\" src=\"img3\/maxp2108arc.jpg\" \/>  <\/p>\n<\/p>\n<p><strong><span class=\"text1noticias\">La APD tambi\u00e9n  abog\u00f3 por un nuevo modelo el\u00e9ctrico nacional.<\/span><\/strong><\/p>\n<p><strong> <\/strong><\/p>\n<p><strong><span class=\"text1noticias\">En una declaraci\u00f3n que hizo el jueves para rechazar la decisi\u00f3n del presidente Danilo Medina  de apoyar  las plantas a carb\u00f3n para aumentar la generaci\u00f3n  e impulsar el cambio de la matriz el\u00e9ctrica, considera que se trata de una disposici\u00f3n  equivocada.<\/span><\/strong><\/p>\n<\/p>\n<\/p>\n<p><span class=\"text1noticias\">SANTO DOMINGO, RD, 21 de Agosto de 2014.- El Partido Alianza Por la Democracia (APD)  liderado por el ex Ministro de Trabajo,  Max Puig considera que   las plantas a carb\u00f3n son contrarias al inter\u00e9s nacional  y conspiran contra la salud del pueblo dominicano<\/span><\/p>\n<\/p>\n<p><span class=\"text1noticias\">La APD tambi\u00e9n  abog\u00f3 por un nuevo modelo el\u00e9ctrico nacional.<\/span><\/p>\n<\/p>\n<p><span class=\"text1noticias\">En una declaraci\u00f3n que hizo el jueves para rechazar la decisi\u00f3n del presidente Danilo Medina  de apoyar  las plantas a carb\u00f3n para aumentar la generaci\u00f3n  e impulsar el cambio de la matriz el\u00e9ctrica, considera que se trata de una disposici\u00f3n  equivocada.<\/span><\/p>\n<\/p>\n<p><span class=\"text1noticias\">Seg\u00fan la APD, oponerse a las plantas a carb\u00f3n  no es conspirar, sino defender los intereses del pueblo. A continuaci\u00f3n Diariodominicano.com publica de manera \u00edntegra la  declaraci\u00f3n de la APD:<\/span><\/p>\n<\/p>\n<p><span class=\"text1noticias\"> \u00abAnte los recientes pronunciamientos del presidente Danilo Medina, la Alianza por la Democracia (APD) emiti\u00f3 las siguientes declaraciones acerca de la decisi\u00f3n gubernamental de construir plantas de carb\u00f3n:<\/span><\/p>\n<p><span class=\"text1noticias\"> <\/span><\/p>\n<p><span class=\"text1noticias\">La Alianza por la Democracia considera que la decisi\u00f3n del gobierno de construir plantas de carb\u00f3n para conjurar el d\u00e9ficit el\u00e9ctrico y abaratar los costos de la generaci\u00f3n de electricidad es una disposici\u00f3n completamente equivocada que, de concretarse, har\u00e1 mucho da\u00f1o sin aportar una verdadera soluci\u00f3n a los problemas que pretende enfrentar.<\/span><\/p>\n<p><span class=\"text1noticias\"> <\/span><\/p>\n<p><span class=\"text1noticias\">Oponerse a las plantas de carb\u00f3n no es conspirar, es defender los intereses del pueblo dominicano. Las plantas de carb\u00f3n son, en realidad, las m\u00e1s caras cuando se les suma a su costo b\u00e1sico los gastos en salud que tendr\u00edan que cubrir el pueblo y el Estado dominicano si estas entraran en operaci\u00f3n. La verdad es que son las plantas de carb\u00f3n las que conspiran contra la salud del pueblo dominicano.<\/span><\/p>\n<p><span class=\"text1noticias\"> <\/span><\/p>\n<p><span class=\"text1noticias\">El presidente de la Rep\u00fablica mostr\u00f3 una actitud de desacato ante el fallo del Tribunal Superior Administrativo que orden\u00f3 la suspensi\u00f3n de la licitaci\u00f3n p\u00fablica internacional para la construcci\u00f3n de las plantas de carb\u00f3n. Aunque no le guste la sentencia el presidente de la Rep\u00fablica est\u00e1 obligado a acatar el mandato de ese tribunal como dijo, en su momento, que ten\u00eda que hacerlo con relaci\u00f3n al fallo sobre la nacionalidad del Tribunal Constitucional.<\/span><\/p>\n<p><span class=\"text1noticias\"> <\/span><\/p>\n<p><span class=\"text1noticias\">Cuando el presidente de la Rep\u00fablica afirma que \u00ablas plantas de carb\u00f3n deben ser extendidas a todo el pa\u00eds\u00bb demuestra de manera m\u00e1s que evidente la falta de sensibilidad ambiental de su gobierno.<\/span><\/p>\n<p><span class=\"text1noticias\"> <\/span><\/p>\n<p><span class=\"text1noticias\">Est\u00e1 m\u00e1s que demostrado que el uso de los combustibles f\u00f3siles representa la principal causa del cambio clim\u00e1tico y de la contaminaci\u00f3n en el mundo. El m\u00e1s da\u00f1ino de estos combustibles es el carb\u00f3n mineral.<\/span><\/p>\n<p><span class=\"text1noticias\"> <\/span><\/p>\n<p><span class=\"text1noticias\">Es por esta raz\u00f3n que est\u00e1 en marcha en el mundo todo un movimiento para limitar el uso del carb\u00f3n. Se est\u00e1n tomando medidas en este sentido en Estados Unidos, China, los pa\u00edses europeos y en muchos otros.<\/span><\/p>\n<p><span class=\"text1noticias\"> <\/span><\/p>\n<p><span class=\"text1noticias\">Los cr\u00e9ditos internacionales para plantas generadoras de carb\u00f3n han sido restringidos o prohibidos por los grandes organismos financieros internacionales como el Banco Mundial, el Banco Europeo de Inversiones, el banco Interamericano de Desarrollo y muchos otros.<\/span><\/p>\n<p><span class=\"text1noticias\"> <\/span><\/p>\n<p><span class=\"text1noticias\">Esta es una de las razones fundamentales por las que el consorcio al que fue adjudicada la licitaci\u00f3n no ha obtenido, hasta la fecha, el financiamiento requerido para llevar adelante la obra.<\/span><\/p>\n<p><span class=\"text1noticias\"> <\/span><\/p>\n<p><span class=\"text1noticias\">El hecho de ser Rep\u00fablica Dominicana uno de los diez pa\u00edses del planeta m\u00e1s afectados por el cambio clim\u00e1tico deber\u00eda hacer del nuestro uno de los principales abanderados a favor de las energ\u00edas renovables y de la eliminaci\u00f3n del uso de los combustibles f\u00f3siles.<\/span><\/p>\n<p><span class=\"text1noticias\"> <\/span><\/p>\n<p><span class=\"text1noticias\">La APD ha venido planteando y lo reitera una vez m\u00e1s, que las plantas de carb\u00f3n de Punta Catalina se est\u00e1n construyendo en violaci\u00f3n a la Ley General de Medio Ambiente y Recursos Naturales, o Ley 64-00, que exige a los desarrolladores de proyectos estar provistos de un permiso ambiental. Ese permiso no ha sido otorgado por lo que el gobierno est\u00e1 actuando al margen de la ley.<\/span><\/p>\n<p><span class=\"text1noticias\"> <\/span><\/p>\n<p><span class=\"text1noticias\">Hemos planteado, y reiteramos, que las plantas de carb\u00f3n que el gobierno est\u00e1 construyendo ilegalmente en Punta Catalina da\u00f1ar\u00e1n gravemente el ambiente y la salud de los habitantes de la provincia Peravia.<\/span><\/p>\n<p><span class=\"text1noticias\"> <\/span><\/p>\n<p><span class=\"text1noticias\">Un estudio preliminar del Estudio de Impacto Ambiental depositado en el ministerio de Medio Ambiente y Recursos Naturales demuestra que la poblaci\u00f3n de esa provincia no estar\u00e1 protegida si se construyen las plantas. Peravia podr\u00eda convertirse en un valle de la muerte.<\/span><\/p>\n<p><span class=\"text1noticias\"> <\/span><\/p>\n<p><span class=\"text1noticias\">A lo anterior se agrega que una de las empresas constructoras de plantas de carb\u00f3n que particip\u00f3 en la licitaci\u00f3n p\u00fablica internacional ha alegado falta de transparencia en el proceso y ha apoderado el Tribunal Superior Administrativo (TSA) en ese sentido. Este tribunal decidi\u00f3 suspender la licitaci\u00f3n.<\/span><\/p>\n<p><span class=\"text1noticias\"> <\/span><\/p>\n<p><span class=\"text1noticias\">La APD desaprueba la actitud del gobierno inclinada a desacatar el fallo emitido por el TSA. No debe haber dos pesos y dos medidas. Cuando el Tribunal Constitucional dict\u00f3 su fat\u00eddico fallo sobre la nacionalidad el gobierno dijo que no ten\u00eda m\u00e1s opci\u00f3n que acatarlo. \u00bfPor qu\u00e9 actuar ahora de otra manera?<\/span><\/p>\n<p><span class=\"text1noticias\"> <\/span><\/p>\n<p><span class=\"text1noticias\">El gobierno debe rectificar y abandonar el da\u00f1ino proyecto de las plantas de carb\u00f3n.<\/span><\/p>\n<p><span class=\"text1noticias\"> <\/span><\/p>\n<p><span class=\"text1noticias\">El pa\u00eds tiene como tarea abocarse a la construcci\u00f3n de un nuevo modelo el\u00e9ctrico nacional.<\/span><\/p>\n<p><span class=\"text1noticias\"> <\/span><\/p>\n<p><span class=\"text1noticias\">El futuro de nuestro pa\u00eds, como el de Am\u00e9rica latina y el de todo el mundo, est\u00e1 en las energ\u00edas renovables.<\/span><\/p>\n<p><span class=\"text1noticias\"> <\/span><\/p>\n<p><span class=\"text1noticias\">Al gobierno le han faltado la visi\u00f3n y la determinaci\u00f3n necesarias para encarar problemas de fondo del negocio el\u00e9ctrico, como es el caso de la superaci\u00f3n de los contratos onerosos convenidos al margen de la ley.<\/span><\/p>\n<p><span class=\"text1noticias\"> <\/span><\/p>\n<p><span class=\"text1noticias\">Todav\u00eda es tiempo de que el gobierno act\u00fae en esta direcci\u00f3n. Si lo hiciera tendr\u00eda el respaldo de nuestra organizaci\u00f3n y de todo el pueblo dominicano.<\/span><\/p>\n<p><span class=\"text1noticias\"> <\/span><\/p>\n<p><span class=\"text1noticias\">La APD desaprueba la decisi\u00f3n del gobierno de supeditar la pol\u00edtica de reducci\u00f3n de las p\u00e9rdidas t\u00e9cnicas y no t\u00e9cnicas (evasi\u00f3n y robo de energ\u00eda), a la generaci\u00f3n de ahorros como resultado de la construcci\u00f3n de las plantas de carb\u00f3n. Esta posposici\u00f3n reenv\u00eda la reducci\u00f3n de p\u00e9rdidas a las calendas griegas.<\/span><\/p>\n<p><span class=\"text1noticias\"> <\/span><\/p>\n<p><span class=\"text1noticias\">Un plan real de impulso a las energ\u00edas renovables debe ser puesto en marcha.<\/span><\/p>\n<p><span class=\"text1noticias\"> <\/span><\/p>\n<p><span class=\"text1noticias\">La limpieza de todos los embalses de las presas del pa\u00eds debe ser realizada de inmediato.<\/span><\/p>\n<p><span class=\"text1noticias\"> <\/span><\/p>\n<p><span class=\"text1noticias\">El desarrollo de una verdadera pol\u00edtica de ahorro energ\u00e9tico debe ser un pilar fundamental del nuevo modelo el\u00e9ctrico dominicano.<\/span><\/p>\n<p><span class=\"text1noticias\"> <\/span><\/p>\n<p><span class=\"text1noticias\"> <\/span><\/p>\n<p><span class=\"text1noticias\">Santo Domingo, 21 de agosto de 2014.<\/span><\/p>\n<\/p>\n<\/p>\n<\/p>\n<h6> 2014-08-22 04:01:38 <\/h6>\n<p><!--\n<link rel=\"stylesheet\" href=\"css\/bootstrap.min.css\">\n\n\n<ul class=\"pagination\">\n\t    \n\t\n\n<li >\n\t<a href='?page_no=14774'>Previous<\/a>\n\t<\/li>\n\n\n       \n    \n\n<li><a href='?page_no=1'>1<\/a><\/li>\n\n\n\n<li><a href='?page_no=2'>2<\/a><\/li>\n\n\n\n<li><a>...<\/a><\/li>\n\n\n\n<li><a href='?page_no=14773'>14773<\/a><\/li>\n\n\n\n<li><a href='?page_no=14774'>14774<\/a><\/li>\n\n\n\n<li class='active'><a>14775<\/a><\/li>\n\n\n\n<li><a href='?page_no=14776'>14776<\/a><\/li>\n\n\n\n<li><a href='?page_no=14777'>14777<\/a><\/li>\n\n\n\n<li><a>...<\/a><\/li>\n\n\n\n<li><a href='?page_no=36999'>36999<\/a><\/li>\n\n\n\n<li><a href='?page_no=37000'>37000<\/a><\/li>\n\n    \n\t\n\n<li >\n\t<a href='?page_no=14776'>Next<\/a>\n\t<\/li>\n\n\n    \n\n<li><a href='?page_no=37000'>Last &rsaquo;&rsaquo;<\/a><\/li>\n\n<\/ul>\n\n\n--><br \/>\n<\/body><\/p>\n","protected":false},"excerpt":{"rendered":"<p>La APD tambi\u00e9n abog\u00f3 por un nuevo modelo el\u00e9ctrico nacional. En una declaraci\u00f3n que hizo el jueves para rechazar la decisi\u00f3n del presidente Danilo Medina de apoyar las plantas a carb\u00f3n para aumentar la generaci\u00f3n e impulsar el cambio de la matriz el\u00e9ctrica, considera que se trata de una disposici\u00f3n equivocada. SANTO DOMINGO, RD, 21 [&hellip;]<\/p>\n","protected":false},"author":3,"featured_media":0,"comment_status":"open","ping_status":"open","sticky":false,"template":"","format":"standard","meta":{"footnotes":""},"categories":[22],"tags":[],"class_list":["post-162361","post","type-post","status-publish","format-standard","hentry","category-politica"],"_links":{"self":[{"href":"https:\/\/diariodominicano.com\/index.php?rest_route=\/wp\/v2\/posts\/162361","targetHints":{"allow":["GET"]}}],"collection":[{"href":"https:\/\/diariodominicano.com\/index.php?rest_route=\/wp\/v2\/posts"}],"about":[{"href":"https:\/\/diariodominicano.com\/index.php?rest_route=\/wp\/v2\/types\/post"}],"author":[{"embeddable":true,"href":"https:\/\/diariodominicano.com\/index.php?rest_route=\/wp\/v2\/users\/3"}],"replies":[{"embeddable":true,"href":"https:\/\/diariodominicano.com\/index.php?rest_route=%2Fwp%2Fv2%2Fcomments&post=162361"}],"version-history":[{"count":0,"href":"https:\/\/diariodominicano.com\/index.php?rest_route=\/wp\/v2\/posts\/162361\/revisions"}],"wp:attachment":[{"href":"https:\/\/diariodominicano.com\/index.php?rest_route=%2Fwp%2Fv2%2Fmedia&parent=162361"}],"wp:term":[{"taxonomy":"category","embeddable":true,"href":"https:\/\/diariodominicano.com\/index.php?rest_route=%2Fwp%2Fv2%2Fcategories&post=162361"},{"taxonomy":"post_tag","embeddable":true,"href":"https:\/\/diariodominicano.com\/index.php?rest_route=%2Fwp%2Fv2%2Ftags&post=162361"}],"curies":[{"name":"wp","href":"https:\/\/api.w.org\/{rel}","templated":true}]}}