{"id":162359,"date":"2014-08-22T13:50:02","date_gmt":"2014-08-22T13:50:02","guid":{"rendered":"http:\/\/diariodominicano.ddns.net\/?p=162359"},"modified":"2014-08-22T13:50:02","modified_gmt":"2014-08-22T13:50:02","slug":"consul-republica-checa-dicta-conferencia-danilo-dos-anos-de-logros-y-realizaciones","status":"publish","type":"post","link":"https:\/\/diariodominicano.com\/?p=162359","title":{"rendered":"C\u00f3nsul Rep\u00fablica Checa dicta conferencia \u00abDanilo: dos a\u00f1os de logros y realizaciones\u00bb"},"content":{"rendered":"<p><body><\/p>\n<p><img decoding=\"async\" src=\"img3\/consul 22.jpg\" \/>  <\/p>\n<p>Praga; Rep\u00fablica Checa 22 agosto.- El honorable c\u00f3nsul general Dominicano acreditado ante la Rep\u00fablica Checa, Ram\u00f3n Carre\u00f1o, dict\u00f3 la conferencia \u00abDanilo Medina: Dos A\u00f1os de Logros y Realizaciones\u00bb. Las palabras de bienvenidas estuvieron a cargo de la directora de la oficina de promoci\u00f3n tur\u00edstica de la Rep\u00fablica Dominicana para Europa del este, Leila Boasier-Budecker, qui\u00e9n se\u00f1aliz\u00f3 los logros alcanzados por el sector tur\u00edstico, as\u00ed como tambi\u00e9n los aportes significativo de 10,000 millones de pesos a la econom\u00eda dominicana durante el periodo agosto 2012 -agosto 2014.<\/p>\n<\/p>\n<p>Durante el acto, Carre\u00f1o, consider\u00f3 como uno de los \u00e9xitos m\u00e1s notorios y extraordinarios que ha tenido, el presidente Danilo Medina en estos primeros dos a\u00f1os de gesti\u00f3n, lo constituye la asignaci\u00f3n del 4% del Producto Interno Bruto (PIB) para la educaci\u00f3n, el pacto educativo y las visitas sorpresas dominicales a nuestras comunidades.<\/p>\n<\/p>\n<p>El diplom\u00e1tico expres\u00f3 que los \u00e9xitos del gobierno han sido por el apoyo decidido que ha brindado a la educaci\u00f3n\u00f3n, las construcciones masivas de escuelas, el ambicioso plan de alfabetizaci\u00f3n, el respaldo dado a las MIPYMES y a los peque\u00f1os productores. Como tambi\u00e9n su acercamiento con la poblaci\u00f3n, su austeridad, su honradez y dedicaci\u00f3n.<\/p>\n<\/p>\n<p>Destac\u00f3 adem\u00e1s,que el gobierno encabezado por Danilo Medina ha instaurado en la Rep\u00fablica Dominicana la revoluci\u00f3n social educativa, colocando a las personas en el centro de atenci\u00f3n de los programas sociales y con un presidente comprometido con los sectores m\u00e1s despose\u00eddos.<\/p>\n<\/p>\n<p>Indic\u00f3 los significativos logros alcanzados por la administraci\u00f3n de Medina se\u00f1alizando que los dos a\u00f1os de gesti\u00f3n han sido extraordinarios; cuyo resultado por parte de la poblaci\u00f3n es la alta tasa de valoraci\u00f3n de la que este goza. indudablemente es el \u00fanico presidente en la historia Dominicana que a dos a\u00f1os de su gobierno se encuentra con una popularidad por encima de un 85%. actualmente y sin duda a equivoco la m\u00e1s alta de todos los presidentes de Am\u00e9rica Latina y el Caribe.<\/p>\n<\/p>\n<p>El diplomatico dominicano se expres\u00f3 en esos t\u00e9rminos, durante la conferencia ?Danilo Medina: Dos A\u00f1os de Logros y Realizaciones\u00bb, donde dio a conocer los logros y realizaciones de la gesti\u00f3n del presidente Danilo Medina, correspondiente al periodo agosto 2012 ? agosto 2014, celebrado el s\u00e1bado 16 de agosto de 2014, en el \u00abTrioBar Praha: Holeckova 40, 15000 Praha Smichv, en donde acudieron diplomaticos,profesores de varias universidades checas,empresarios,autoridades,amigos de la Rep\u00fablica dominicana y los dominicanos residentes en la Rep\u00fablica Checa<\/p>\n<\/p>\n<p>Sobre los logros y realizaciones, el diplom\u00e1tico se\u00f1al\u00f3 los principales proyectos construidos por jefe del estado, cit\u00f3 el proyecto \u00abBoca Cach\u00f3n\u00bb, en Jiman\u00ed pr\u00f3ximo a la frontera con Hait\u00ed: proyecto agr\u00edcola que beneficia a 3 mil personas, consta de 537 casas, construidas a un costo de 744,588,765 pesos dominicanos, equivalente a 1,731,599.1 d\u00f3lares.<\/p>\n<\/p>\n<p>El proyecto es integral y comunitario en donde ser\u00e1n incorporadas a la producci\u00f3n agr\u00edcola 66 mil 487 tareas de terreno apto y productivo. Fue presentado un v\u00eddeo sobre este gran proyecto.<\/p>\n<\/p>\n<p>por otra parte hizo menci\u00f3n del proyecto\u00bbLa Barqu\u00edta\u00bb, en Santo Domingo:proyecto modelo que incluye hasta el momento 1,400 viviendas, para beneficiar a 2000 familias que viven en la orilla del Rio Ozama. El costo total del proyecto es de 4000 millones de pesos, equivalentes a 93 millones de d\u00f3lares.tambi\u00e9n fue presentado un v\u00eddeo sobre este proyecto.<\/p>\n<\/p>\n<p>Cit\u00f3 ademas la negociaci\u00f3n con la minera Barrick Gold, la ley de naturalizaci\u00f3n de extranjero,los proyectos habitacionales sociales, las visitas sorpresas dominicales a las comunidades,dando amplias explicaciones en cada tema, luego al final se hizo un bridis de honor por la celebraci\u00f3n del 151 aniversario de la restauraci\u00f3n de la Rep\u00fablica,para dar paso a la degustaci\u00f3n de un rico men\u00fa t\u00edpico dominicano, preparado para la ocasi\u00f3n,consistente en sancocho con arroz blanco,empanada, qu\u00edpe y como postre dulce de coco.<\/p>\n<\/p>\n<p>A ritmo de merengue y bachata la velada se extendi\u00f3 a hasta las 11 de la noche.<\/p>\n<h6> 2014-08-22 13:50:02 <\/h6>\n<p><!--\n<link rel=\"stylesheet\" href=\"css\/bootstrap.min.css\">\n\n\n<ul class=\"pagination\">\n\t    \n\t\n\n<li >\n\t<a href='?page_no=14772'>Previous<\/a>\n\t<\/li>\n\n\n       \n    \n\n<li><a href='?page_no=1'>1<\/a><\/li>\n\n\n\n<li><a href='?page_no=2'>2<\/a><\/li>\n\n\n\n<li><a>...<\/a><\/li>\n\n\n\n<li><a href='?page_no=14771'>14771<\/a><\/li>\n\n\n\n<li><a href='?page_no=14772'>14772<\/a><\/li>\n\n\n\n<li class='active'><a>14773<\/a><\/li>\n\n\n\n<li><a href='?page_no=14774'>14774<\/a><\/li>\n\n\n\n<li><a href='?page_no=14775'>14775<\/a><\/li>\n\n\n\n<li><a>...<\/a><\/li>\n\n\n\n<li><a href='?page_no=36999'>36999<\/a><\/li>\n\n\n\n<li><a href='?page_no=37000'>37000<\/a><\/li>\n\n    \n\t\n\n<li >\n\t<a href='?page_no=14774'>Next<\/a>\n\t<\/li>\n\n\n    \n\n<li><a href='?page_no=37000'>Last &rsaquo;&rsaquo;<\/a><\/li>\n\n<\/ul>\n\n\n--><br \/>\n<\/body><\/p>\n","protected":false},"excerpt":{"rendered":"<p>Praga; Rep\u00fablica Checa 22 agosto.- El honorable c\u00f3nsul general Dominicano acreditado ante la Rep\u00fablica Checa, Ram\u00f3n Carre\u00f1o, dict\u00f3 la conferencia \u00abDanilo Medina: Dos A\u00f1os de Logros y Realizaciones\u00bb. Las palabras de bienvenidas estuvieron a cargo de la directora de la oficina de promoci\u00f3n tur\u00edstica de la Rep\u00fablica Dominicana para Europa del este, Leila Boasier-Budecker, qui\u00e9n [&hellip;]<\/p>\n","protected":false},"author":3,"featured_media":0,"comment_status":"open","ping_status":"open","sticky":false,"template":"","format":"standard","meta":{"footnotes":""},"categories":[22],"tags":[],"class_list":["post-162359","post","type-post","status-publish","format-standard","hentry","category-politica"],"_links":{"self":[{"href":"https:\/\/diariodominicano.com\/index.php?rest_route=\/wp\/v2\/posts\/162359","targetHints":{"allow":["GET"]}}],"collection":[{"href":"https:\/\/diariodominicano.com\/index.php?rest_route=\/wp\/v2\/posts"}],"about":[{"href":"https:\/\/diariodominicano.com\/index.php?rest_route=\/wp\/v2\/types\/post"}],"author":[{"embeddable":true,"href":"https:\/\/diariodominicano.com\/index.php?rest_route=\/wp\/v2\/users\/3"}],"replies":[{"embeddable":true,"href":"https:\/\/diariodominicano.com\/index.php?rest_route=%2Fwp%2Fv2%2Fcomments&post=162359"}],"version-history":[{"count":0,"href":"https:\/\/diariodominicano.com\/index.php?rest_route=\/wp\/v2\/posts\/162359\/revisions"}],"wp:attachment":[{"href":"https:\/\/diariodominicano.com\/index.php?rest_route=%2Fwp%2Fv2%2Fmedia&parent=162359"}],"wp:term":[{"taxonomy":"category","embeddable":true,"href":"https:\/\/diariodominicano.com\/index.php?rest_route=%2Fwp%2Fv2%2Fcategories&post=162359"},{"taxonomy":"post_tag","embeddable":true,"href":"https:\/\/diariodominicano.com\/index.php?rest_route=%2Fwp%2Fv2%2Ftags&post=162359"}],"curies":[{"name":"wp","href":"https:\/\/api.w.org\/{rel}","templated":true}]}}