{"id":162358,"date":"2014-08-22T14:24:01","date_gmt":"2014-08-22T14:24:01","guid":{"rendered":"http:\/\/diariodominicano.ddns.net\/?p=162358"},"modified":"2014-08-22T14:24:01","modified_gmt":"2014-08-22T14:24:01","slug":"frente-amplio-la-releccion-desataria-tensiones-peligrosas","status":"publish","type":"post","link":"https:\/\/diariodominicano.com\/?p=162358","title":{"rendered":"Frente Amplio: La relecci\u00f3n desatar\u00eda tensiones peligrosas"},"content":{"rendered":"<p><body><\/p>\n<p><img decoding=\"async\" src=\"img3\/frente 22.php.html\" \/>  <\/p>\n<p>Santo Domingo RD 22 agosto.- Con la reelecci\u00f3n, el presidente Danilo Medina desatar\u00eda tensiones peligrosas en la sociedad, faltar\u00eda a la palabra y generar\u00eda un amplio repudio popular, advirti\u00f3 el Frente Amplio.<\/p>\n<\/p>\n<p>La entidad pol\u00edtica, que preside Fidel Santana, considera que una repostulaci\u00f3n solo ser\u00eda posible si Medina enfrenta a sus compa\u00f1eros seguidores de Leonel Fern\u00e1ndez y otros aspirantes presidenciales as\u00ed como a la oposici\u00f3n y organizaciones de la sociedad civil.<\/p>\n<\/p>\n<p>\u00abOtro intento reeleccionista conllevar\u00eda a profundidad el uso y abuso de los recursos del Estado, otro exceso de corrupci\u00f3n generalizada, generando otro d\u00e9ficit fiscal igual o mayor que el de 2012, efectuado por Fern\u00e1ndez para beneficiado de Medina, a pesar de lo cual el PLD solo obtuvo el 37 por ciento de los votos emitidos\u00bb, estima la entidad pol\u00edtica.<\/p>\n<\/p>\n<p>EL Frente Amplio se\u00f1ala que, pesar de su forma de gobernar, que genera simpat\u00eda al compararla con la \u00abarrogancia de Fern\u00e1ndez, la cruda realidad es que el Gobierno de Medina ha fracasado\u00bb.<\/p>\n<\/p>\n<p>Cita entre los supuestos fracasos la atenci\u00f3n en salud a la mayor\u00eda de la poblaci\u00f3n, evidente ante el brote de chikungunya y el dengue que han causado numerosos muertos y cientos de miles de enfermos.<\/p>\n<\/p>\n<p>Agrega que este es el resultado de una pol\u00edtica de salud que no enfatiza la prevenci\u00f3n, sino la construcci\u00f3n de centros sanitarios, que dejan buenas comisiones y son entregados a patronatos privados, en perjuicio de los hospitales a que  acuden los pobres.<\/p>\n<\/p>\n<p>Para el Frente Amplio, la presente gesti\u00f3n de gobierno tambi\u00e9n ha fracasado en garantizar a los ciudadanos un m\u00ednimo de seguridad en las calles y los bajos ingresos de la poblaci\u00f3n como lo ha admitido el Mandatario.<\/p>\n<h6> 2014-08-22 14:24:01 <\/h6>\n<p><!--\n<link rel=\"stylesheet\" href=\"css\/bootstrap.min.css\">\n\n\n<ul class=\"pagination\">\n\t    \n\t\n\n<li >\n\t<a href='?page_no=14771'>Previous<\/a>\n\t<\/li>\n\n\n       \n    \n\n<li><a href='?page_no=1'>1<\/a><\/li>\n\n\n\n<li><a href='?page_no=2'>2<\/a><\/li>\n\n\n\n<li><a>...<\/a><\/li>\n\n\n\n<li><a href='?page_no=14770'>14770<\/a><\/li>\n\n\n\n<li><a href='?page_no=14771'>14771<\/a><\/li>\n\n\n\n<li class='active'><a>14772<\/a><\/li>\n\n\n\n<li><a href='?page_no=14773'>14773<\/a><\/li>\n\n\n\n<li><a href='?page_no=14774'>14774<\/a><\/li>\n\n\n\n<li><a>...<\/a><\/li>\n\n\n\n<li><a href='?page_no=36999'>36999<\/a><\/li>\n\n\n\n<li><a href='?page_no=37000'>37000<\/a><\/li>\n\n    \n\t\n\n<li >\n\t<a href='?page_no=14773'>Next<\/a>\n\t<\/li>\n\n\n    \n\n<li><a href='?page_no=37000'>Last &rsaquo;&rsaquo;<\/a><\/li>\n\n<\/ul>\n\n\n--><br \/>\n<\/body><\/p>\n","protected":false},"excerpt":{"rendered":"<p>Santo Domingo RD 22 agosto.- Con la reelecci\u00f3n, el presidente Danilo Medina desatar\u00eda tensiones peligrosas en la sociedad, faltar\u00eda a la palabra y generar\u00eda un amplio repudio popular, advirti\u00f3 el Frente Amplio. La entidad pol\u00edtica, que preside Fidel Santana, considera que una repostulaci\u00f3n solo ser\u00eda posible si Medina enfrenta a sus compa\u00f1eros seguidores de Leonel [&hellip;]<\/p>\n","protected":false},"author":3,"featured_media":0,"comment_status":"open","ping_status":"open","sticky":false,"template":"","format":"standard","meta":{"footnotes":""},"categories":[22],"tags":[],"class_list":["post-162358","post","type-post","status-publish","format-standard","hentry","category-politica"],"_links":{"self":[{"href":"https:\/\/diariodominicano.com\/index.php?rest_route=\/wp\/v2\/posts\/162358","targetHints":{"allow":["GET"]}}],"collection":[{"href":"https:\/\/diariodominicano.com\/index.php?rest_route=\/wp\/v2\/posts"}],"about":[{"href":"https:\/\/diariodominicano.com\/index.php?rest_route=\/wp\/v2\/types\/post"}],"author":[{"embeddable":true,"href":"https:\/\/diariodominicano.com\/index.php?rest_route=\/wp\/v2\/users\/3"}],"replies":[{"embeddable":true,"href":"https:\/\/diariodominicano.com\/index.php?rest_route=%2Fwp%2Fv2%2Fcomments&post=162358"}],"version-history":[{"count":0,"href":"https:\/\/diariodominicano.com\/index.php?rest_route=\/wp\/v2\/posts\/162358\/revisions"}],"wp:attachment":[{"href":"https:\/\/diariodominicano.com\/index.php?rest_route=%2Fwp%2Fv2%2Fmedia&parent=162358"}],"wp:term":[{"taxonomy":"category","embeddable":true,"href":"https:\/\/diariodominicano.com\/index.php?rest_route=%2Fwp%2Fv2%2Fcategories&post=162358"},{"taxonomy":"post_tag","embeddable":true,"href":"https:\/\/diariodominicano.com\/index.php?rest_route=%2Fwp%2Fv2%2Ftags&post=162358"}],"curies":[{"name":"wp","href":"https:\/\/api.w.org\/{rel}","templated":true}]}}