{"id":162357,"date":"2014-08-22T14:29:47","date_gmt":"2014-08-22T14:29:47","guid":{"rendered":"http:\/\/diariodominicano.ddns.net\/?p=162357"},"modified":"2014-08-22T14:29:47","modified_gmt":"2014-08-22T14:29:47","slug":"arzobispo-de-santiago-dice-ojala-la-constitucion-no-sea-otra-vez-modificada","status":"publish","type":"post","link":"https:\/\/diariodominicano.com\/?p=162357","title":{"rendered":"Arzobispo de Santiago dice ojal\u00e1 la Constituci\u00f3n no sea otra vez modificada"},"content":{"rendered":"<p><body><\/p>\n<p><img decoding=\"async\" src=\"img3\/carpio 22.php.html\" \/>  <\/p>\n<p>Santiago RD 22 agosto.- El arzobispo de aqu\u00ec, monse\u00f1or Ram\u00f3n Benito de la Rosa y Carpio, expres\u00f3 sus deseos de que no vuelva a ser modificada, por el momento, la Constituci\u00f3n pol\u00edtica de la Rep\u00fablica Dominicana.<\/p>\n<p>Entrevistado por periodistas, el religioso se refiri\u00f3 a la posibilidad que dej\u00f3 abierta el presidente Danilo Medina de buscar una repostulaci\u00f3n.<\/p>\n<p>\u00abOjal\u00e1 que por alg\u00fan tiempo la constituci\u00f3n dominicana pueda dejarse tal y como est\u00e1 en la actualidad\u00bb, enfatiz\u00f2.<\/p>\n<p>Admiti\u00f3 que la ley permite a los presidentes acudir al mecanismo del refer\u00e9ndum sin violar la Constituci\u00f3n, pero consider\u00f3 conveniente dejarla como est\u00e1.<\/p>\n<p>De la Rosa y Carpio reconoci\u00f2, sin embargo, que el Presidente Medina es bien valorado por una parte importante de la poblaci\u00f3n que considera que \u00e9l ha hecho muchas obras.<\/p>\n<p>El religioso habl\u00f3 tras participar en un acto en el cual la Jefatura de la Polic\u00eda entreg\u00f3 50 veh\u00edculos a la Direcci\u00f3n Cibao Central de esta instituci\u00f2n para que pueda aumentar el patrullaje preventivo.<\/p>\n<h6> 2014-08-22 14:29:47 <\/h6>\n<p><!--\n<link rel=\"stylesheet\" href=\"css\/bootstrap.min.css\">\n\n\n<ul class=\"pagination\">\n\t    \n\t\n\n<li >\n\t<a href='?page_no=14770'>Previous<\/a>\n\t<\/li>\n\n\n       \n    \n\n<li><a href='?page_no=1'>1<\/a><\/li>\n\n\n\n<li><a href='?page_no=2'>2<\/a><\/li>\n\n\n\n<li><a>...<\/a><\/li>\n\n\n\n<li><a href='?page_no=14769'>14769<\/a><\/li>\n\n\n\n<li><a href='?page_no=14770'>14770<\/a><\/li>\n\n\n\n<li class='active'><a>14771<\/a><\/li>\n\n\n\n<li><a href='?page_no=14772'>14772<\/a><\/li>\n\n\n\n<li><a href='?page_no=14773'>14773<\/a><\/li>\n\n\n\n<li><a>...<\/a><\/li>\n\n\n\n<li><a href='?page_no=36999'>36999<\/a><\/li>\n\n\n\n<li><a href='?page_no=37000'>37000<\/a><\/li>\n\n    \n\t\n\n<li >\n\t<a href='?page_no=14772'>Next<\/a>\n\t<\/li>\n\n\n    \n\n<li><a href='?page_no=37000'>Last &rsaquo;&rsaquo;<\/a><\/li>\n\n<\/ul>\n\n\n--><br \/>\n<\/body><\/p>\n","protected":false},"excerpt":{"rendered":"<p>Santiago RD 22 agosto.- El arzobispo de aqu\u00ec, monse\u00f1or Ram\u00f3n Benito de la Rosa y Carpio, expres\u00f3 sus deseos de que no vuelva a ser modificada, por el momento, la Constituci\u00f3n pol\u00edtica de la Rep\u00fablica Dominicana. Entrevistado por periodistas, el religioso se refiri\u00f3 a la posibilidad que dej\u00f3 abierta el presidente Danilo Medina de buscar [&hellip;]<\/p>\n","protected":false},"author":3,"featured_media":0,"comment_status":"open","ping_status":"open","sticky":false,"template":"","format":"standard","meta":{"footnotes":""},"categories":[22],"tags":[],"class_list":["post-162357","post","type-post","status-publish","format-standard","hentry","category-politica"],"_links":{"self":[{"href":"https:\/\/diariodominicano.com\/index.php?rest_route=\/wp\/v2\/posts\/162357","targetHints":{"allow":["GET"]}}],"collection":[{"href":"https:\/\/diariodominicano.com\/index.php?rest_route=\/wp\/v2\/posts"}],"about":[{"href":"https:\/\/diariodominicano.com\/index.php?rest_route=\/wp\/v2\/types\/post"}],"author":[{"embeddable":true,"href":"https:\/\/diariodominicano.com\/index.php?rest_route=\/wp\/v2\/users\/3"}],"replies":[{"embeddable":true,"href":"https:\/\/diariodominicano.com\/index.php?rest_route=%2Fwp%2Fv2%2Fcomments&post=162357"}],"version-history":[{"count":0,"href":"https:\/\/diariodominicano.com\/index.php?rest_route=\/wp\/v2\/posts\/162357\/revisions"}],"wp:attachment":[{"href":"https:\/\/diariodominicano.com\/index.php?rest_route=%2Fwp%2Fv2%2Fmedia&parent=162357"}],"wp:term":[{"taxonomy":"category","embeddable":true,"href":"https:\/\/diariodominicano.com\/index.php?rest_route=%2Fwp%2Fv2%2Fcategories&post=162357"},{"taxonomy":"post_tag","embeddable":true,"href":"https:\/\/diariodominicano.com\/index.php?rest_route=%2Fwp%2Fv2%2Ftags&post=162357"}],"curies":[{"name":"wp","href":"https:\/\/api.w.org\/{rel}","templated":true}]}}