{"id":162356,"date":"2014-08-22T14:41:23","date_gmt":"2014-08-22T14:41:23","guid":{"rendered":"http:\/\/diariodominicano.ddns.net\/?p=162356"},"modified":"2014-08-22T14:41:23","modified_gmt":"2014-08-22T14:41:23","slug":"abinader-encabezara-desde-este-viernes-un-recorrido-en-la-provincia-duarte","status":"publish","type":"post","link":"https:\/\/diariodominicano.com\/?p=162356","title":{"rendered":"Abinader encabezar\u00e1 desde este viernes un recorrido en la provincia Duarte"},"content":{"rendered":"<p><body><\/p>\n<p><img decoding=\"async\" src=\"img3\/abinader 22.jpg\" \/>  <\/p>\n<p>Santo Domingo RD 22 agosto.- El aspirante presidencial del Partido Revolucionario Mayoritario (PRM), Luis Abinader, agotar\u00e1 un extenso recorrido durante los d\u00edas viernes, s\u00e1bado y domingo en la ciudad de San Francisco de Macor\u00eds y en varias comunidades de la provincia Duarte.<\/p>\n<\/p>\n<p>El equipo de prensa de su Proyecto Presidencial inform\u00f3 que Abinader comenzar\u00e1 sus actividades este viernes con un encuentro a partir de las cuatro y media de la tarde con la prensa local de San Francisco de Macor\u00eds, a las seis de la tarde se reunir\u00e1 con dirigentes y personalidades del municipio de Pimentel y a las ocho de la noche sostendr\u00e1 un encuentro con reconocidas figuras pol\u00edticas, empresarios y personalidades de diferentes sectores de esta provincia.<\/p>\n<\/p>\n<p>El s\u00e1bado, iniciar\u00e1 su jornada a las ocho de la ma\u00f1ana con un encuentro-desayuno con el equipo ejecutivo de su proyecto y con aliados de La Convergencia.<\/p>\n<\/p>\n<p>A partir de las nueve de la ma\u00f1ana, Abinader sostendr\u00e1 encuentros con la direcci\u00f3n de su proyecto de los municipios de Castillo, Hostos, Las Taranas, Villa Rivas y Arenoso; y a las dos y media de la tarde continuar\u00e1 visitando diferentes comunidades entre ellas El Aguacate, Las Coles, La Reforma, Barraquito y Las Gu\u00e1ranas.<\/p>\n<\/p>\n<p>El domingo iniciar\u00e1 su agenda pol\u00edtica a las nueve de la ma\u00f1ana y terminar\u00e1 su jornada a partir de las cuatro de la tarde con un encuentro municipal de dirigentes en el Club La Esperanza.<\/p>\n<\/p>\n<h6> 2014-08-22 14:41:23 <\/h6>\n<p><!--\n<link rel=\"stylesheet\" href=\"css\/bootstrap.min.css\">\n\n\n<ul class=\"pagination\">\n\t    \n\t\n\n<li >\n\t<a href='?page_no=14769'>Previous<\/a>\n\t<\/li>\n\n\n       \n    \n\n<li><a href='?page_no=1'>1<\/a><\/li>\n\n\n\n<li><a href='?page_no=2'>2<\/a><\/li>\n\n\n\n<li><a>...<\/a><\/li>\n\n\n\n<li><a href='?page_no=14768'>14768<\/a><\/li>\n\n\n\n<li><a href='?page_no=14769'>14769<\/a><\/li>\n\n\n\n<li class='active'><a>14770<\/a><\/li>\n\n\n\n<li><a href='?page_no=14771'>14771<\/a><\/li>\n\n\n\n<li><a href='?page_no=14772'>14772<\/a><\/li>\n\n\n\n<li><a>...<\/a><\/li>\n\n\n\n<li><a href='?page_no=36999'>36999<\/a><\/li>\n\n\n\n<li><a href='?page_no=37000'>37000<\/a><\/li>\n\n    \n\t\n\n<li >\n\t<a href='?page_no=14771'>Next<\/a>\n\t<\/li>\n\n\n    \n\n<li><a href='?page_no=37000'>Last &rsaquo;&rsaquo;<\/a><\/li>\n\n<\/ul>\n\n\n--><br \/>\n<\/body><\/p>\n","protected":false},"excerpt":{"rendered":"<p>Santo Domingo RD 22 agosto.- El aspirante presidencial del Partido Revolucionario Mayoritario (PRM), Luis Abinader, agotar\u00e1 un extenso recorrido durante los d\u00edas viernes, s\u00e1bado y domingo en la ciudad de San Francisco de Macor\u00eds y en varias comunidades de la provincia Duarte. El equipo de prensa de su Proyecto Presidencial inform\u00f3 que Abinader comenzar\u00e1 sus [&hellip;]<\/p>\n","protected":false},"author":3,"featured_media":0,"comment_status":"open","ping_status":"open","sticky":false,"template":"","format":"standard","meta":{"footnotes":""},"categories":[22],"tags":[],"class_list":["post-162356","post","type-post","status-publish","format-standard","hentry","category-politica"],"_links":{"self":[{"href":"https:\/\/diariodominicano.com\/index.php?rest_route=\/wp\/v2\/posts\/162356","targetHints":{"allow":["GET"]}}],"collection":[{"href":"https:\/\/diariodominicano.com\/index.php?rest_route=\/wp\/v2\/posts"}],"about":[{"href":"https:\/\/diariodominicano.com\/index.php?rest_route=\/wp\/v2\/types\/post"}],"author":[{"embeddable":true,"href":"https:\/\/diariodominicano.com\/index.php?rest_route=\/wp\/v2\/users\/3"}],"replies":[{"embeddable":true,"href":"https:\/\/diariodominicano.com\/index.php?rest_route=%2Fwp%2Fv2%2Fcomments&post=162356"}],"version-history":[{"count":0,"href":"https:\/\/diariodominicano.com\/index.php?rest_route=\/wp\/v2\/posts\/162356\/revisions"}],"wp:attachment":[{"href":"https:\/\/diariodominicano.com\/index.php?rest_route=%2Fwp%2Fv2%2Fmedia&parent=162356"}],"wp:term":[{"taxonomy":"category","embeddable":true,"href":"https:\/\/diariodominicano.com\/index.php?rest_route=%2Fwp%2Fv2%2Fcategories&post=162356"},{"taxonomy":"post_tag","embeddable":true,"href":"https:\/\/diariodominicano.com\/index.php?rest_route=%2Fwp%2Fv2%2Ftags&post=162356"}],"curies":[{"name":"wp","href":"https:\/\/api.w.org\/{rel}","templated":true}]}}