{"id":162353,"date":"2014-08-22T16:57:08","date_gmt":"2014-08-22T16:57:08","guid":{"rendered":"http:\/\/diariodominicano.ddns.net\/?p=162353"},"modified":"2014-08-22T16:57:08","modified_gmt":"2014-08-22T16:57:08","slug":"radhames-segura-afirma-pais-debe-disminuir-la-inequidad-social-y-economica","status":"publish","type":"post","link":"https:\/\/diariodominicano.com\/?p=162353","title":{"rendered":"&#13; &#13;Radham\u00e9s Segura afirma pa\u00eds debe disminuir la inequidad social y econ\u00f3mica &#13;"},"content":{"rendered":"<p><body><\/p>\n<p><img decoding=\"async\" src=\"img3\/radha 22.jpg\" \/>  <\/p>\n<p>Santo Domingo RD 22 agosto.- El ingeniero Radham\u00e9s Segura, aspirante presidencial por el Partido de la Liberaci\u00f3n Dominicana, afirm\u00f3 que el pa\u00eds debe asumir como prioridad disminuir la inequidad social y econ\u00f3mica mediante la creaci\u00f3n de empleos productivos como mejor forma de distribuir el crecimiento econ\u00f3mico de la naci\u00f3n.<\/p>\n<\/p>\n<p> Segura destac\u00f3 que ve con satisfacci\u00f3n el crecimiento econ\u00f3mico que ha venido experimentando el pa\u00eds en los \u00faltimos a\u00f1os, pero le preocupa que esta bonanza no llega a la mayor\u00eda del pueblo dominicano.<\/p>\n<\/p>\n<p> Expreso que debe ser motivo de preocupaci\u00f3n para la clase gobernante que el combate a la pobreza no se corresponda con el nivel de crecimiento que experimenta el pa\u00eds en su Producto Interno Bruto, lo que indica que los recursos no est\u00e1n yendo a la mayor\u00eda de la gente.<\/p>\n<\/p>\n<p> Radham\u00e9s Segura en un recorrido por Comunidades de Azua, indic\u00f3 que es necesario fortalecer la agroindustria nacional como forma de disminuir la importaci\u00f3n de bienes y as\u00ed reducir la deuda externa que afecta a la econom\u00eda del pa\u00eds.<\/p>\n<\/p>\n<p> En ese sentido calific\u00f3 de acertada la pol\u00edtica del presidente Danilo Medina de auxiliar a los peque\u00f1os y medianos productores del pa\u00eds, pero que esa iniciativa debe ser asumida como un compromiso de Estado, por ser un buen camino para enfrentar la pobreza.<\/p>\n<\/p>\n<p> Signific\u00f3 que se hace necesario convertir el pa\u00eds en un Estado exportador de diversos productos con la b\u00fasqueda de nuevos mercados que permitan mejorar la balanza comercial.<\/p>\n<\/p>\n<p> Ratific\u00f3 que el peso de la deuda y el subsidio a la energ\u00eda el\u00e9ctrica desangra el presupuesto nacional y pr\u00e1cticamente ata de manos al gobierno para ejecutar proyectos que den como resultados un efectivo combate a la pobreza.<\/p>\n<\/p>\n<p> Expres\u00f3 que a pesar del los esfuerzos de los gobiernos del PLD no se est\u00e1 siendo exitoso en el combate a la pobreza, por lo que se quiere de un modelo econ\u00f3mico m\u00e1s enfocado hacia la justicia social.<\/p>\n<\/p>\n<p> Sostuvo los programas sociales y la fuerte inversi\u00f3n en la educaci\u00f3n que ejecuta el gobierno de Danilo Medina ser\u00e1n continuados por \u00e9l y reforzados por planes y proyectos encaminados a enfrentar la pobreza mediante una mejor equidad en la distribuci\u00f3n de la riqueza.<\/p>\n<\/p>\n<p> Afirm\u00f3 que el modelo neoliberal ha fracasado porque ha creado una cantidad enorme de ricos pero una enorme cantidad de pobres y que eso pasa en la Rep\u00fablica Dominicana y sobre todo en la base del PLD donde est\u00e1n divididas entre los que est\u00e1n bien y los que no est\u00e1n bien.<\/p>\n<\/p>\n<p> Dijo que de llegar al poder gobernar\u00e1 con un gobierno donde prevalezca la justicia social como lo manda el Dios todo poderoso.<\/p>\n<\/p>\n<p> Indic\u00f3 que a pesar de la gran obra f\u00edsica y social de los gobiernos del PLD es justo reconocer que la gran mayor\u00eda de las bases de esa organizaci\u00f3n la est\u00e1 pasando mal por lo que se requiere de acciones que permitan tocar a la gran mayor\u00eda de esa entidad pol\u00edtica.<\/p>\n<\/p>\n<p> Afirm\u00f3 que ning\u00fan modelo econ\u00f3mico que no este destinado a enfrentar la pobreza sirve para nada, por que de lo contrario lo que hace es acentuar la desigualdad social de sus habitantes.<\/p>\n<\/p>\n<p> En ese sentido expres\u00f3 que las bases del PLD est\u00e1n claras de que \u00e9l es el candidato con calidad para ofrecerle y cumplirle con sus expectativas en caso de asumir la primera magistratura de la naci\u00f3n a partir del 2016.<\/p>\n<\/p>\n<p> Precis\u00f3 que las bases de esa organizaci\u00f3n han decidido que el sea el candidato presidencial del partido morado para en las pr\u00f3ximas elecciones para ver cumplidos sus anhelos y esperanzas de mejorar sus condiciones de vida.<\/p>\n<\/p>\n<h6> 2014-08-22 16:57:08 <\/h6>\n<p><!--\n<link rel=\"stylesheet\" href=\"css\/bootstrap.min.css\">\n\n\n<ul class=\"pagination\">\n\t    \n\t\n\n<li >\n\t<a href='?page_no=14767'>Previous<\/a>\n\t<\/li>\n\n\n       \n    \n\n<li><a href='?page_no=1'>1<\/a><\/li>\n\n\n\n<li><a href='?page_no=2'>2<\/a><\/li>\n\n\n\n<li><a>...<\/a><\/li>\n\n\n\n<li><a href='?page_no=14766'>14766<\/a><\/li>\n\n\n\n<li><a href='?page_no=14767'>14767<\/a><\/li>\n\n\n\n<li class='active'><a>14768<\/a><\/li>\n\n\n\n<li><a href='?page_no=14769'>14769<\/a><\/li>\n\n\n\n<li><a href='?page_no=14770'>14770<\/a><\/li>\n\n\n\n<li><a>...<\/a><\/li>\n\n\n\n<li><a href='?page_no=36999'>36999<\/a><\/li>\n\n\n\n<li><a href='?page_no=37000'>37000<\/a><\/li>\n\n    \n\t\n\n<li >\n\t<a href='?page_no=14769'>Next<\/a>\n\t<\/li>\n\n\n    \n\n<li><a href='?page_no=37000'>Last &rsaquo;&rsaquo;<\/a><\/li>\n\n<\/ul>\n\n\n--><br \/>\n<\/body><\/p>\n","protected":false},"excerpt":{"rendered":"<p>Santo Domingo RD 22 agosto.- El ingeniero Radham\u00e9s Segura, aspirante presidencial por el Partido de la Liberaci\u00f3n Dominicana, afirm\u00f3 que el pa\u00eds debe asumir como prioridad disminuir la inequidad social y econ\u00f3mica mediante la creaci\u00f3n de empleos productivos como mejor forma de distribuir el crecimiento econ\u00f3mico de la naci\u00f3n. Segura destac\u00f3 que ve con satisfacci\u00f3n [&hellip;]<\/p>\n","protected":false},"author":3,"featured_media":0,"comment_status":"open","ping_status":"open","sticky":false,"template":"","format":"standard","meta":{"footnotes":""},"categories":[22],"tags":[],"class_list":["post-162353","post","type-post","status-publish","format-standard","hentry","category-politica"],"_links":{"self":[{"href":"https:\/\/diariodominicano.com\/index.php?rest_route=\/wp\/v2\/posts\/162353","targetHints":{"allow":["GET"]}}],"collection":[{"href":"https:\/\/diariodominicano.com\/index.php?rest_route=\/wp\/v2\/posts"}],"about":[{"href":"https:\/\/diariodominicano.com\/index.php?rest_route=\/wp\/v2\/types\/post"}],"author":[{"embeddable":true,"href":"https:\/\/diariodominicano.com\/index.php?rest_route=\/wp\/v2\/users\/3"}],"replies":[{"embeddable":true,"href":"https:\/\/diariodominicano.com\/index.php?rest_route=%2Fwp%2Fv2%2Fcomments&post=162353"}],"version-history":[{"count":0,"href":"https:\/\/diariodominicano.com\/index.php?rest_route=\/wp\/v2\/posts\/162353\/revisions"}],"wp:attachment":[{"href":"https:\/\/diariodominicano.com\/index.php?rest_route=%2Fwp%2Fv2%2Fmedia&parent=162353"}],"wp:term":[{"taxonomy":"category","embeddable":true,"href":"https:\/\/diariodominicano.com\/index.php?rest_route=%2Fwp%2Fv2%2Fcategories&post=162353"},{"taxonomy":"post_tag","embeddable":true,"href":"https:\/\/diariodominicano.com\/index.php?rest_route=%2Fwp%2Fv2%2Ftags&post=162353"}],"curies":[{"name":"wp","href":"https:\/\/api.w.org\/{rel}","templated":true}]}}