{"id":162352,"date":"2014-08-22T18:16:00","date_gmt":"2014-08-22T18:16:00","guid":{"rendered":"http:\/\/diariodominicano.ddns.net\/?p=162352"},"modified":"2014-08-22T18:16:00","modified_gmt":"2014-08-22T18:16:00","slug":"diputada-karen-ricardo-presenta-su-informe-de-gestion","status":"publish","type":"post","link":"https:\/\/diariodominicano.com\/?p=162352","title":{"rendered":"&#13;&#13;&#13;Diputada Karen Ricardo presenta su informe de gesti\u00f3n"},"content":{"rendered":"<p><body><\/p>\n<p><img decoding=\"async\" src=\"img3\/karent2.jpg\" \/><br \/><img decoding=\"async\" src=\"img3\/karent.jpg\" \/>  <\/p>\n<\/p>\n<p><span class=\"text1noticias\">Santo Domingo, RD, 22 de agosto.-Ante cientos de mun\u00edcipes de la circunscripci\u00f3n n\u00famero 3 del Municipio Santo Domingo Este, la diputada Karen Ricardo rindi\u00f3 cuentas de sus ejecutorias de los \u00faltimos cuatro a\u00f1os en la C\u00e1mara de Diputados.<\/span><\/p>\n<\/p>\n<p><span class=\"text1noticias\">La legisladora resalt\u00f3 que durante su trayectoria ha sometido varios proyectos de Ley entre ellos, Mi Primer Empleo que luego fue sustituido por el proyecto de Pasant\u00eda Juvenil. <\/span><\/p>\n<\/p>\n<p><span class=\"text1noticias\">Ricardo ha trabajado arduamente en los temas de debate Nacional como miembro de las comisiones de G\u00e9nero, de Industria y Comercio, Educaci\u00f3n, Ciencias y Tecnolog\u00eda, entre otras.<\/span><\/p>\n<\/p>\n<p><span class=\"text1noticias\">Durante los \u00faltimos cuatro a\u00f1os, la congresista ha realizado una intensa labor social  en favor de los m\u00e1s necesitados a trav\u00e9s de la Fundaci\u00f3n Fiel, la cual preside.<\/span><\/p>\n<\/p>\n<p><span class=\"text1noticias\">La Actividad cont\u00f3 con la presencia de la Diputada Ysabel De la Cruz y la bendici\u00f3n del acto estuvo a cargo de la madre de la diputada Ricardo, Sra. Milagros Cornier. <\/span><\/p>\n<\/p>\n<p><span class=\"text1noticias\">En la rendici\u00f3n de Cuentas, realizada en el Club del Legislador, integraron la mesa principal la presidenta del Senado, Cristina Lizardo el alcalde del municipio Santo Domingo Este, Juan de los Santos, los miembros del Comit\u00e9 Intermedio del PLD, Lu\u00eds Palmeiro, Radham\u00e9s Elena, Manuel Payano, Edgar Reyes, y Elizabeth de la Cruz.<\/span><\/p>\n<h6> 2014-08-22 18:16:00 <\/h6>\n<p><!--\n<link rel=\"stylesheet\" href=\"css\/bootstrap.min.css\">\n\n\n<ul class=\"pagination\">\n\t    \n\t\n\n<li >\n\t<a href='?page_no=14766'>Previous<\/a>\n\t<\/li>\n\n\n       \n    \n\n<li><a href='?page_no=1'>1<\/a><\/li>\n\n\n\n<li><a href='?page_no=2'>2<\/a><\/li>\n\n\n\n<li><a>...<\/a><\/li>\n\n\n\n<li><a href='?page_no=14765'>14765<\/a><\/li>\n\n\n\n<li><a href='?page_no=14766'>14766<\/a><\/li>\n\n\n\n<li class='active'><a>14767<\/a><\/li>\n\n\n\n<li><a href='?page_no=14768'>14768<\/a><\/li>\n\n\n\n<li><a href='?page_no=14769'>14769<\/a><\/li>\n\n\n\n<li><a>...<\/a><\/li>\n\n\n\n<li><a href='?page_no=36999'>36999<\/a><\/li>\n\n\n\n<li><a href='?page_no=37000'>37000<\/a><\/li>\n\n    \n\t\n\n<li >\n\t<a href='?page_no=14768'>Next<\/a>\n\t<\/li>\n\n\n    \n\n<li><a href='?page_no=37000'>Last &rsaquo;&rsaquo;<\/a><\/li>\n\n<\/ul>\n\n\n--><br \/>\n<\/body><\/p>\n","protected":false},"excerpt":{"rendered":"<p>Santo Domingo, RD, 22 de agosto.-Ante cientos de mun\u00edcipes de la circunscripci\u00f3n n\u00famero 3 del Municipio Santo Domingo Este, la diputada Karen Ricardo rindi\u00f3 cuentas de sus ejecutorias de los \u00faltimos cuatro a\u00f1os en la C\u00e1mara de Diputados. La legisladora resalt\u00f3 que durante su trayectoria ha sometido varios proyectos de Ley entre ellos, Mi Primer [&hellip;]<\/p>\n","protected":false},"author":3,"featured_media":0,"comment_status":"open","ping_status":"open","sticky":false,"template":"","format":"standard","meta":{"footnotes":""},"categories":[22],"tags":[],"class_list":["post-162352","post","type-post","status-publish","format-standard","hentry","category-politica"],"_links":{"self":[{"href":"https:\/\/diariodominicano.com\/index.php?rest_route=\/wp\/v2\/posts\/162352","targetHints":{"allow":["GET"]}}],"collection":[{"href":"https:\/\/diariodominicano.com\/index.php?rest_route=\/wp\/v2\/posts"}],"about":[{"href":"https:\/\/diariodominicano.com\/index.php?rest_route=\/wp\/v2\/types\/post"}],"author":[{"embeddable":true,"href":"https:\/\/diariodominicano.com\/index.php?rest_route=\/wp\/v2\/users\/3"}],"replies":[{"embeddable":true,"href":"https:\/\/diariodominicano.com\/index.php?rest_route=%2Fwp%2Fv2%2Fcomments&post=162352"}],"version-history":[{"count":0,"href":"https:\/\/diariodominicano.com\/index.php?rest_route=\/wp\/v2\/posts\/162352\/revisions"}],"wp:attachment":[{"href":"https:\/\/diariodominicano.com\/index.php?rest_route=%2Fwp%2Fv2%2Fmedia&parent=162352"}],"wp:term":[{"taxonomy":"category","embeddable":true,"href":"https:\/\/diariodominicano.com\/index.php?rest_route=%2Fwp%2Fv2%2Fcategories&post=162352"},{"taxonomy":"post_tag","embeddable":true,"href":"https:\/\/diariodominicano.com\/index.php?rest_route=%2Fwp%2Fv2%2Ftags&post=162352"}],"curies":[{"name":"wp","href":"https:\/\/api.w.org\/{rel}","templated":true}]}}