{"id":162351,"date":"2014-08-23T15:31:03","date_gmt":"2014-08-23T15:31:03","guid":{"rendered":"http:\/\/diariodominicano.ddns.net\/?p=162351"},"modified":"2014-08-23T15:31:03","modified_gmt":"2014-08-23T15:31:03","slug":"lf-presidira-lanzamiento-movimiento-en-su-apoyo","status":"publish","type":"post","link":"https:\/\/diariodominicano.com\/?p=162351","title":{"rendered":"LF presidir\u00e1 lanzamiento movimiento en su apoyo"},"content":{"rendered":"<p><body><\/p>\n<p><img decoding=\"async\" src=\"img3\/leo 23.php.html\" \/>  <\/p>\n<p>LF presidir\u00e1 lanzamiento movimiento en su apoyo<\/p>\n<p>Por ELVIRA GUILLEN<\/p>\n<\/p>\n<p>El ex presidente Leonel Fern\u00e1ndez<\/p>\n<p>SANTO DOMINGO.- El ex presidente Leonel Fern\u00e1ndez presidir\u00e1 este domingo un acto en el que ser\u00e1 lanzado el denominado Movimiento de la Sociedad Rural con Leonel (SORUDEL).<\/p>\n<p>El acto ser\u00e1 a partir de las 10:00 am en el hotel El Embajador.<\/p>\n<p>Dicho movimiento  est\u00e1 integrado por productores agropecuarios, peque\u00f1os empresarios, profesionales y amas de casa de diferentes localidades. Solicitar\u00e1 a Fern\u00e1ndez que acepte su nominaci\u00f3n de la candidatura presidencial por el Partido de la Liberaci\u00f3n Dominicana (PLD) para el per\u00edodo 2016-2020.<\/p>\n<p>Fern\u00e1ndez ha sido presidente en tres per\u00edodos (1996-2000, 2004-2008 y 2008-2012) y est\u00e1 siendo promovido para que sea de nuevo candidato para el 2016-2020.<\/p>\n<h6> 2014-08-23 15:31:03 <\/h6>\n<p><!--\n<link rel=\"stylesheet\" href=\"css\/bootstrap.min.css\">\n\n\n<ul class=\"pagination\">\n\t    \n\t\n\n<li >\n\t<a href='?page_no=14765'>Previous<\/a>\n\t<\/li>\n\n\n       \n    \n\n<li><a href='?page_no=1'>1<\/a><\/li>\n\n\n\n<li><a href='?page_no=2'>2<\/a><\/li>\n\n\n\n<li><a>...<\/a><\/li>\n\n\n\n<li><a href='?page_no=14764'>14764<\/a><\/li>\n\n\n\n<li><a href='?page_no=14765'>14765<\/a><\/li>\n\n\n\n<li class='active'><a>14766<\/a><\/li>\n\n\n\n<li><a href='?page_no=14767'>14767<\/a><\/li>\n\n\n\n<li><a href='?page_no=14768'>14768<\/a><\/li>\n\n\n\n<li><a>...<\/a><\/li>\n\n\n\n<li><a href='?page_no=36999'>36999<\/a><\/li>\n\n\n\n<li><a href='?page_no=37000'>37000<\/a><\/li>\n\n    \n\t\n\n<li >\n\t<a href='?page_no=14767'>Next<\/a>\n\t<\/li>\n\n\n    \n\n<li><a href='?page_no=37000'>Last &rsaquo;&rsaquo;<\/a><\/li>\n\n<\/ul>\n\n\n--><br \/>\n<\/body><\/p>\n","protected":false},"excerpt":{"rendered":"<p>LF presidir\u00e1 lanzamiento movimiento en su apoyo Por ELVIRA GUILLEN El ex presidente Leonel Fern\u00e1ndez SANTO DOMINGO.- El ex presidente Leonel Fern\u00e1ndez presidir\u00e1 este domingo un acto en el que ser\u00e1 lanzado el denominado Movimiento de la Sociedad Rural con Leonel (SORUDEL). El acto ser\u00e1 a partir de las 10:00 am en el hotel El [&hellip;]<\/p>\n","protected":false},"author":3,"featured_media":0,"comment_status":"open","ping_status":"open","sticky":false,"template":"","format":"standard","meta":{"footnotes":""},"categories":[22],"tags":[],"class_list":["post-162351","post","type-post","status-publish","format-standard","hentry","category-politica"],"_links":{"self":[{"href":"https:\/\/diariodominicano.com\/index.php?rest_route=\/wp\/v2\/posts\/162351","targetHints":{"allow":["GET"]}}],"collection":[{"href":"https:\/\/diariodominicano.com\/index.php?rest_route=\/wp\/v2\/posts"}],"about":[{"href":"https:\/\/diariodominicano.com\/index.php?rest_route=\/wp\/v2\/types\/post"}],"author":[{"embeddable":true,"href":"https:\/\/diariodominicano.com\/index.php?rest_route=\/wp\/v2\/users\/3"}],"replies":[{"embeddable":true,"href":"https:\/\/diariodominicano.com\/index.php?rest_route=%2Fwp%2Fv2%2Fcomments&post=162351"}],"version-history":[{"count":0,"href":"https:\/\/diariodominicano.com\/index.php?rest_route=\/wp\/v2\/posts\/162351\/revisions"}],"wp:attachment":[{"href":"https:\/\/diariodominicano.com\/index.php?rest_route=%2Fwp%2Fv2%2Fmedia&parent=162351"}],"wp:term":[{"taxonomy":"category","embeddable":true,"href":"https:\/\/diariodominicano.com\/index.php?rest_route=%2Fwp%2Fv2%2Fcategories&post=162351"},{"taxonomy":"post_tag","embeddable":true,"href":"https:\/\/diariodominicano.com\/index.php?rest_route=%2Fwp%2Fv2%2Ftags&post=162351"}],"curies":[{"name":"wp","href":"https:\/\/api.w.org\/{rel}","templated":true}]}}