{"id":162348,"date":"2014-08-23T18:39:05","date_gmt":"2014-08-23T18:39:05","guid":{"rendered":"http:\/\/diariodominicano.ddns.net\/?p=162348"},"modified":"2014-08-23T18:39:05","modified_gmt":"2014-08-23T18:39:05","slug":"vocera-de-reinaldo-pared-perez-asegura-precandidato-vencera-en-la-convencion","status":"publish","type":"post","link":"https:\/\/diariodominicano.com\/?p=162348","title":{"rendered":"Vocera de Reinaldo Pared P\u00e9rez asegura precandidato vencer\u00e1 en la convenci\u00f3n"},"content":{"rendered":"<p><body><\/p>\n<p><img decoding=\"async\" src=\"img3\/vocera.jpg\" \/>  <\/p>\n<p><span class=\"text1noticias\">Santo Domingo, RD, 23 de Agosto.-La vocera del senador Reinaldo Pared P\u00e9rez, Susana Gautreau de Windt asegur\u00f3 que el precandidato ser\u00e1 sin duda el vencedor en la pr\u00f3xima convenci\u00f3n del Partido de la Liberaci\u00f3n Dominicana (PLD).<\/span><\/p>\n<\/p>\n<p><span class=\"text1noticias\">Susana Gautreau expres\u00f3 que Pared P\u00e9rez ha meditado por mucho tiempo sus aspiraciones y que est\u00e1 trabajando con candidatura fresca y con la misma visi\u00f3n social del Presidente Danilo Medina.<\/span><\/p>\n<\/p>\n<p><span class=\"text1noticias\">Al ser entrevistada por el periodista Salvador Holgu\u00edn en el programa Sin Cortapisa, que se transmite por Teleradio Am\u00e9rica canal 45, Gautreau indic\u00f3 que el equipo de Pared P\u00e9rez estar\u00eda en completa disposici\u00f3n de apoyar al actual presidente en virtud de que fuera posible una reelecci\u00f3n, la cual posee hasta hoy un impedimento constitucional.<\/span><\/p>\n<\/p>\n<p><span class=\"text1noticias\">\u00abReinaldo Pared es un hombre recto que no se manda\u00bb, as\u00ed respondi\u00f3 la vocera, con relaci\u00f3n a los comentarios que se han filtrado respecto a que el Presidente Medina es  el \u00fanico que puede parar una candidatura del ex-presidente Leonel Fern\u00e1ndez.<\/span><\/p>\n<\/p>\n<p><span class=\"text1noticias\">Afirm\u00f3 que la candidatura de Reinaldo no esta supuesta a las aspiraciones de los dem\u00e1s.<\/span><\/p>\n<p><span class=\"text1noticias\"><strong>Presidenta del Senado y el proyecto Loma Miranda<\/strong><\/span><\/p>\n<\/p>\n<p><span class=\"text1noticias\">Gautreau de Windt se mostr\u00f3 a favor de la presidenta del Senado, Cristina Lizardo, en sentido de esperar y seguir estudiando la posibilidad de declarar a Loma Miranda como Parque Nacional, indicando que no se debe actuar de manera populista.<\/span><\/p>\n<\/p>\n<p><span class=\"text1noticias\">La vocera de Reinaldo Pared P\u00e9rez neg\u00f3 que Cristina Lizardo se haya pronunciado en contra de Loma Miranda y  expres\u00f3 que por el contrario la senadora actu\u00f3 con bastante prudencia.<\/span><\/p>\n<p><span class=\"text1noticias\">Mujeres dominicanas en la pol\u00edtica<\/span><\/p>\n<\/p>\n<p><span class=\"text1noticias\">Al referirse al papel de la mujer en la pol\u00edtica, la comunicadora Susana Gautreau, dijo que en el pa\u00eds hay un gran rezago en la participaci\u00f3n femenina. <\/span><\/p>\n<\/p>\n<p><span class=\"text1noticias\">Puntualiz\u00f3 que las mujeres deben  ser m\u00e1s proactivas y empoderadas para disminuir la inequidad existente en la sociedad.<\/span><\/p>\n<\/p>\n<p><span class=\"text1noticias\">Se\u00f1alo que estructuras machistas dentro de las instituciones pol\u00edticas no permiten la trascendencia de la mujer y que son muy pocos los cargos p\u00fablicos que se le designan.(HG)<\/span>.<\/p>\n<h6> 2014-08-23 18:39:05 <\/h6>\n<p><!--\n<link rel=\"stylesheet\" href=\"css\/bootstrap.min.css\">\n\n\n<ul class=\"pagination\">\n\t    \n\t\n\n<li >\n\t<a href='?page_no=14762'>Previous<\/a>\n\t<\/li>\n\n\n       \n    \n\n<li><a href='?page_no=1'>1<\/a><\/li>\n\n\n\n<li><a href='?page_no=2'>2<\/a><\/li>\n\n\n\n<li><a>...<\/a><\/li>\n\n\n\n<li><a href='?page_no=14761'>14761<\/a><\/li>\n\n\n\n<li><a href='?page_no=14762'>14762<\/a><\/li>\n\n\n\n<li class='active'><a>14763<\/a><\/li>\n\n\n\n<li><a href='?page_no=14764'>14764<\/a><\/li>\n\n\n\n<li><a href='?page_no=14765'>14765<\/a><\/li>\n\n\n\n<li><a>...<\/a><\/li>\n\n\n\n<li><a href='?page_no=36999'>36999<\/a><\/li>\n\n\n\n<li><a href='?page_no=37000'>37000<\/a><\/li>\n\n    \n\t\n\n<li >\n\t<a href='?page_no=14764'>Next<\/a>\n\t<\/li>\n\n\n    \n\n<li><a href='?page_no=37000'>Last &rsaquo;&rsaquo;<\/a><\/li>\n\n<\/ul>\n\n\n--><br \/>\n<\/body><\/p>\n","protected":false},"excerpt":{"rendered":"<p>Santo Domingo, RD, 23 de Agosto.-La vocera del senador Reinaldo Pared P\u00e9rez, Susana Gautreau de Windt asegur\u00f3 que el precandidato ser\u00e1 sin duda el vencedor en la pr\u00f3xima convenci\u00f3n del Partido de la Liberaci\u00f3n Dominicana (PLD). Susana Gautreau expres\u00f3 que Pared P\u00e9rez ha meditado por mucho tiempo sus aspiraciones y que est\u00e1 trabajando con candidatura [&hellip;]<\/p>\n","protected":false},"author":3,"featured_media":0,"comment_status":"open","ping_status":"open","sticky":false,"template":"","format":"standard","meta":{"footnotes":""},"categories":[22],"tags":[],"class_list":["post-162348","post","type-post","status-publish","format-standard","hentry","category-politica"],"_links":{"self":[{"href":"https:\/\/diariodominicano.com\/index.php?rest_route=\/wp\/v2\/posts\/162348","targetHints":{"allow":["GET"]}}],"collection":[{"href":"https:\/\/diariodominicano.com\/index.php?rest_route=\/wp\/v2\/posts"}],"about":[{"href":"https:\/\/diariodominicano.com\/index.php?rest_route=\/wp\/v2\/types\/post"}],"author":[{"embeddable":true,"href":"https:\/\/diariodominicano.com\/index.php?rest_route=\/wp\/v2\/users\/3"}],"replies":[{"embeddable":true,"href":"https:\/\/diariodominicano.com\/index.php?rest_route=%2Fwp%2Fv2%2Fcomments&post=162348"}],"version-history":[{"count":0,"href":"https:\/\/diariodominicano.com\/index.php?rest_route=\/wp\/v2\/posts\/162348\/revisions"}],"wp:attachment":[{"href":"https:\/\/diariodominicano.com\/index.php?rest_route=%2Fwp%2Fv2%2Fmedia&parent=162348"}],"wp:term":[{"taxonomy":"category","embeddable":true,"href":"https:\/\/diariodominicano.com\/index.php?rest_route=%2Fwp%2Fv2%2Fcategories&post=162348"},{"taxonomy":"post_tag","embeddable":true,"href":"https:\/\/diariodominicano.com\/index.php?rest_route=%2Fwp%2Fv2%2Ftags&post=162348"}],"curies":[{"name":"wp","href":"https:\/\/api.w.org\/{rel}","templated":true}]}}