{"id":162347,"date":"2014-08-24T13:27:49","date_gmt":"2014-08-24T13:27:49","guid":{"rendered":"http:\/\/diariodominicano.ddns.net\/?p=162347"},"modified":"2014-08-24T13:27:49","modified_gmt":"2014-08-24T13:27:49","slug":"reinaldo-empoderara-lideres-locales-en-decisiones-provinciales-y-regionales","status":"publish","type":"post","link":"https:\/\/diariodominicano.com\/?p=162347","title":{"rendered":"Reinaldo empoderar\u00e1 l\u00edderes locales en decisiones provinciales y regionales"},"content":{"rendered":"<p><body><\/p>\n<p><img decoding=\"async\" src=\"img3\/Reinaldo.jpg\" \/>  <\/p>\n<p><span class=\"text1noticias\">San Cristobal, RD, 24 de Agosto.-El aspirante presidencial Reinaldo Pared P\u00e9rez prometi\u00f3 aqu\u00ed que desde la primera magistratura del Estado dar\u00e1 la m\u00e1s amplia participaci\u00f3n a los l\u00edderes regionales y provinciales en la soluci\u00f3n de los principales problemas econ\u00f3micos y sociales de cada regi\u00f3n del pa\u00eds.<\/span><\/p>\n<\/p>\n<p><span class=\"text1noticias\">El secretario general del Partido de la Liberaci\u00f3n Dominicana (PLD) dijo que con esa disposici\u00f3n empoderar\u00e1 a los dirigentes locales de las ejecutorias del Gobierno porque son los que m\u00e1s pueden aportar al desarrollo de sus comunidades.<\/span><\/p>\n<\/p>\n<p><span class=\"text1noticias\">Al encabezar un encuentro masivo con la dirigencia pelede\u00edsta de la provincia de San Crist\u00f3bal, en el Club Campo Lindo, el doctor Pared P\u00e9rez consider\u00f3 que ha llegado el momento de que las decisiones para favorecer a determinado segmento de la sociedad sean tomadas por quienes viven el d\u00eda a d\u00eda de cada sector, municipio, provincia o regi\u00f3n.<\/span><\/p>\n<\/p>\n<p><span class=\"text1noticias\">\u00abDurante nuestros recorridos por todo el pa\u00eds, una de las quejas principales que hemos encontrado es que los puestos regionales, provinciales y locales en las oficinas gubernamentales, en la mayor\u00eda de los casos, son ocupados por personas que no son  nativas del lugar\u00bb, expres\u00f3 el precandidato presidencial del PLD, tras indicar que esa fue la principal queja recibi\u00f3 durante su visita a Boca Chica, Saman\u00e1, Montecristi, Dajab\u00f3n y otros lugares. <\/span><\/p>\n<\/p>\n<p><span class=\"text1noticias\">\u00abPrometo que desde la Presidencia de la Rep\u00fablica, en cada demarcaci\u00f3n empoderaremos a la dirigencia local y a los organismos del partido, y ser\u00e1n los compa\u00f1eros de las provincias y los municipios quienes, mediante presentaci\u00f3n de ternas, decidir\u00e1n quienes ocupar\u00e1n determinado cargo gubernamental\u00bb, enfatiz\u00f3 Pared P\u00e9rez,<\/span><\/p>\n<p><span class=\"text1noticias\"><strong>Oferta novedosa<\/strong><\/span><\/p>\n<\/p>\n<p><span class=\"text1noticias\">Al referirse a las posibilidades que tiene el Partido de la Liberaci\u00f3n Dominicana de ganar las elecciones del 2016, el tambi\u00e9n senador por el Distrito Nacional consider\u00f3 que todo apunta a que esa organizaci\u00f3n pol\u00edtica obtendr\u00e1 una victoria resonante, pero consider\u00f3 que para lograr ese triunfo de forma contundente hay que trabajar en esa direcci\u00f3n y acompa\u00f1ar ese trabajo con una oferta novedosa, fresca y que represente un h\u00e1lito de esperanza y renovaci\u00f3n de fe a lo interno y lo externo del partido.<\/span><\/p>\n<\/p>\n<p><span class=\"text1noticias\">\u00abS\u00e9 lo que hay que hacer para que la dirigencia y la militancia del PLD se sientan estimuladas a seguir adelante, a impulsar el trabajo que necesitamos hacer para garantizar la victoria\u00bb, se\u00f1al\u00f3.<\/span><\/p>\n<\/p>\n<p><span class=\"text1noticias\">Invit\u00f3 a la militancia pelede\u00edsta a caminar junto a su propuesta pol\u00edtica, porque \u00abjuntos vamos a lograr el triunfo en el 2016 y juntos gobernaremos el pa\u00eds, para seguir enrumb\u00e1ndolo por el camino de desarrollo y crecimiento hacia donde lo est\u00e1 encaminando el gobierno del PLD\u00bb, expres\u00f3 el doctor Pared P\u00e9rez, quien viaj\u00f3 a esta ciudad acompa\u00f1ado por varios senadores, dirigentes del Comit\u00e9 Central del partido y miembros de su equipo de campa\u00f1a.<\/span><\/p>\n<p><span class=\"text1noticias\">  <\/span><\/p>\n<p><span class=\"text1noticias\"><strong>Reinaldo a la presidencia<\/strong><\/span><\/p>\n<p><span class=\"text1noticias\"> <\/span><\/p>\n<p><span class=\"text1noticias\">Mientras, el presidente del Comit\u00e9 Provincial del Partido de la Liberaci\u00f3n Dominicana (PLD), el senador Tommy Gal\u00e1n signific\u00f3 que el momento hist\u00f3rico que vive el partido fundado por el profesor Juan Bosch ha marcado al doctor Reinaldo Pared P\u00e9rez como candidato presidencial de esa entidad pol\u00edtica y seguro Presidente de la Rep\u00fablica a partir del 16 de agosto del 2016.<\/span><\/p>\n<\/p>\n<p><span class=\"text1noticias\">\u00abUstedes y nosotros somos parte de un proyecto que, como el de Reinaldo Pared P\u00e9rez, nos ofrece un espacio mediante el cual se respeta el trabajo que cada uno realiza. Hemos podido construir un sentido de cuerpo para lograr las metas que nos hemos propuesto. Hemos sorteado cada tipo de suerte, hemos celebrado juntos, hemos sufrido juntos, hemos triunfado juntos y como nuestros \u00e9xitos los hemos logrado juntos, aqu\u00ed estamos juntos para llevar a Reinaldo (Pared P\u00e9rez) a la Presidencia de la Rep\u00fablica\u00bb, dijo el senador Gal\u00e1n ante una dirigencia que reciproc\u00f3 este mensaje con un prolongado aplauso.<\/span><\/p>\n<\/p>\n<p><span class=\"text1noticias\">El legislador manifest\u00f3 que en la actividad realizada en San Crist\u00f3bal particip\u00f3 la oficialidad del PLD. \u00abAqu\u00ed est\u00e1 el 90 por ciento del liderazgo provincial y municipal de nuestra provincia, como una demostraci\u00f3n de que Reinaldo Pared P\u00e9rez es el pr\u00f3ximo producto de la f\u00e1brica de presidentes salidos del PLD\u00bb, expres\u00f3.<\/span><\/p>\n<\/p>\n<p><span class=\"text1noticias\"> Adem\u00e1s del senador Gal\u00e1n, en la mesa de honor estuvieron junto a Reinaldo el gobernador provincial, Julio C\u00e9sar D\u00edaz y los diputados Nelson Guill\u00e9n y Tulio Jim\u00e9nez.<\/span><\/p>\n<\/p>\n<p><span class=\"text1noticias\">En el encuentro hablaron diez dirigentes provinciales, municipales y medios del PLD, quienes coincidieron en se\u00f1alar que en la provincia de San Crist\u00f3bal el doctor Pared P\u00e9rez ser\u00e1 el m\u00e1s votadode los aspirantes presidenciales.<\/span><\/p>\n<\/p>\n<p><span class=\"text1noticias\">\u00abEste equipo lo que ha hecho es ganar y ahora pondremos alma, coraz\u00f3n y vida para que Reinaldo Pared P\u00e9rez sea el pr\u00f3ximo Presidente de la Rep\u00fablica\u00bb, dijo el doctor Jos\u00e9 Lozano Lucas, miembro del Comit\u00e9 Central del PLD y dirigente provincial.<\/span><\/p>\n<\/p>\n<p><span class=\"text1noticias\">La actividad, conducida por Dar\u00edo Campusano Hiche, miembro del Comit\u00e9 Central del PLD, se inici\u00f3 con una invocaci\u00f3n a Dios a cargo de Osvaldo Encarnaci\u00f3n, y posteriormente hablaron Ram\u00f3n Andr\u00e9s de las Mercedes, Mar\u00eda Asunci\u00f3n Santos, Jos\u00e9 Miguel M\u00e9ndez (Luis Pavolo), alcalde de Villa Altagracia; William Lara, presidente del PLD en Yaguate; Juana Argentina Franco, presidenta del PLD en Cambita Garabitos; Melquiades Aquino, presidente del PLD en Palenque y Tony Mar\u00ed\u00f1ez, presidente del PLD en Los Cacaos.<\/span><\/p>\n<\/p>\n<p><span class=\"text1noticias\">Tambi\u00e9n, asistieron al acto en respaldo de las aspiraciones presidenciales del doctor Reinaldo Pared P\u00e9rez, el presidente del PLD en Haina, Rafael de Jes\u00fas y el presidente del PLD en Villa Altagracia, F\u00e9lix Agust\u00edn de Jes\u00fas.(HG)<\/span>.<\/p>\n<\/p>\n<h6> 2014-08-24 13:27:49 <\/h6>\n<p><!--\n<link rel=\"stylesheet\" href=\"css\/bootstrap.min.css\">\n\n\n<ul class=\"pagination\">\n\t    \n\t\n\n<li >\n\t<a href='?page_no=14761'>Previous<\/a>\n\t<\/li>\n\n\n       \n    \n\n<li><a href='?page_no=1'>1<\/a><\/li>\n\n\n\n<li><a href='?page_no=2'>2<\/a><\/li>\n\n\n\n<li><a>...<\/a><\/li>\n\n\n\n<li><a href='?page_no=14760'>14760<\/a><\/li>\n\n\n\n<li><a href='?page_no=14761'>14761<\/a><\/li>\n\n\n\n<li class='active'><a>14762<\/a><\/li>\n\n\n\n<li><a href='?page_no=14763'>14763<\/a><\/li>\n\n\n\n<li><a href='?page_no=14764'>14764<\/a><\/li>\n\n\n\n<li><a>...<\/a><\/li>\n\n\n\n<li><a href='?page_no=36999'>36999<\/a><\/li>\n\n\n\n<li><a href='?page_no=37000'>37000<\/a><\/li>\n\n    \n\t\n\n<li >\n\t<a href='?page_no=14763'>Next<\/a>\n\t<\/li>\n\n\n    \n\n<li><a href='?page_no=37000'>Last &rsaquo;&rsaquo;<\/a><\/li>\n\n<\/ul>\n\n\n--><br \/>\n<\/body><\/p>\n","protected":false},"excerpt":{"rendered":"<p>San Cristobal, RD, 24 de Agosto.-El aspirante presidencial Reinaldo Pared P\u00e9rez prometi\u00f3 aqu\u00ed que desde la primera magistratura del Estado dar\u00e1 la m\u00e1s amplia participaci\u00f3n a los l\u00edderes regionales y provinciales en la soluci\u00f3n de los principales problemas econ\u00f3micos y sociales de cada regi\u00f3n del pa\u00eds. El secretario general del Partido de la Liberaci\u00f3n Dominicana [&hellip;]<\/p>\n","protected":false},"author":3,"featured_media":0,"comment_status":"open","ping_status":"open","sticky":false,"template":"","format":"standard","meta":{"footnotes":""},"categories":[22],"tags":[],"class_list":["post-162347","post","type-post","status-publish","format-standard","hentry","category-politica"],"_links":{"self":[{"href":"https:\/\/diariodominicano.com\/index.php?rest_route=\/wp\/v2\/posts\/162347","targetHints":{"allow":["GET"]}}],"collection":[{"href":"https:\/\/diariodominicano.com\/index.php?rest_route=\/wp\/v2\/posts"}],"about":[{"href":"https:\/\/diariodominicano.com\/index.php?rest_route=\/wp\/v2\/types\/post"}],"author":[{"embeddable":true,"href":"https:\/\/diariodominicano.com\/index.php?rest_route=\/wp\/v2\/users\/3"}],"replies":[{"embeddable":true,"href":"https:\/\/diariodominicano.com\/index.php?rest_route=%2Fwp%2Fv2%2Fcomments&post=162347"}],"version-history":[{"count":0,"href":"https:\/\/diariodominicano.com\/index.php?rest_route=\/wp\/v2\/posts\/162347\/revisions"}],"wp:attachment":[{"href":"https:\/\/diariodominicano.com\/index.php?rest_route=%2Fwp%2Fv2%2Fmedia&parent=162347"}],"wp:term":[{"taxonomy":"category","embeddable":true,"href":"https:\/\/diariodominicano.com\/index.php?rest_route=%2Fwp%2Fv2%2Fcategories&post=162347"},{"taxonomy":"post_tag","embeddable":true,"href":"https:\/\/diariodominicano.com\/index.php?rest_route=%2Fwp%2Fv2%2Ftags&post=162347"}],"curies":[{"name":"wp","href":"https:\/\/api.w.org\/{rel}","templated":true}]}}