{"id":162345,"date":"2014-08-24T14:04:57","date_gmt":"2014-08-24T14:04:57","guid":{"rendered":"http:\/\/diariodominicano.ddns.net\/?p=162345"},"modified":"2014-08-24T14:04:57","modified_gmt":"2014-08-24T14:04:57","slug":"comite-politico-recibira-informes-de-las-comisiones-designadas","status":"publish","type":"post","link":"https:\/\/diariodominicano.com\/?p=162345","title":{"rendered":"Comit\u00e9 Pol\u00edtico recibir\u00e1 informes de las comisiones designadas"},"content":{"rendered":"<p><body><\/p>\n<p><img decoding=\"async\" src=\"img3\/comite.jpg\" \/>  <\/p>\n<p><span class=\"text1noticias\">Santo Domingo, RD, 24 de Agosto.-Para este lunes a las ocho de la noche ha sido convocado el Comit\u00e9 Politico del Partido de la Liberaci\u00f3n Dominicana (PLD), para entre otros temas, conocer del informe de las comisiones designadas por ese organismo con los fines de aplicar las resoluciones aprobadas en el VIII Congreso Ordinario Comandante Norge Botello.<\/span><\/p>\n<\/p>\n<p><span class=\"text1noticias\">Un despacho de la Secretar\u00eda de Comunicaciones del PLD confirma de la convocatoria de  los miembros del organismo de direcci\u00f3n para las 8:00 PM a reunirse en el sal\u00f3n Profesor Juan Bosch de la Oficina Presidencial del PLD, ubicada en la Zona Universitaria.<\/span><\/p>\n<\/p>\n<p><span class=\"text1noticias\">El pasado mes el Comit\u00e9 Pol\u00edtico design\u00f3 siete comisiones para presentar normativas y reglamentos para el funcionamiento interno partidario, as\u00ed como para distribuir dentro de sus miembros, a quienes realizar\u00e1n labores de Enlaces con regiones y provincias del pa\u00eds.<\/span><\/p>\n<\/p>\n<p><span class=\"text1noticias\">En las semanas posteriores a su conformaci\u00f3n estas comisiones se han reunido y tienen ya sus informes, que aunque se presentaron en la reunion de inicio de mes, se dejaron sobre la mesa para conocerse en la reunion de este dia, la que tiene el car\u00e1cter de ordinaria.<\/span><\/p>\n<\/p>\n<p><span class=\"text1noticias\">Desde la Secretar\u00eda General, desde el pasado viernes, se procede a convocar por la v\u00eda telef\u00f3nica y por Internet a los miembros del organismo de direcci\u00f3n pol\u00edtica al encuentro, con una buena expectativa de asistencia.<\/span><\/p>\n<\/p>\n<p><span class=\"text1noticias\">En su m\u00e1s reciente reuni\u00f3n el Comit\u00e9 Pol\u00edtico escogi\u00f3 a Cristina Lizardo y Francis Vargas, as\u00ed como a Abel Mart\u00ednez y Lucia Medina para  presentarlo a las plenarias del Senado y la C\u00e1mara de Diputados, respectivamente, para ocupar en el  recien iniciado a\u00f1o legislativo la Presidencia y vicepresidencia de esos hemiciclos <\/span><\/p>\n<\/p>\n<p><span class=\"text1noticias\">La matricula del Comit\u00e9 Pol\u00edtico del PLD la componen 35 miembros encabezados por el Presidente de la organizaci\u00f3n, Leonel Fern\u00e1ndez, el secretario general, Reinaldo Pared P\u00e9rez al igual que el Presidente de la Rep\u00fablica, Danilo Medina y la vicepresidenta, Margarita Cede\u00f1o de Fern\u00e1ndez.(HG)<\/span>.<\/p>\n<h6> 2014-08-24 14:04:57 <\/h6>\n<p><!--\n<link rel=\"stylesheet\" href=\"css\/bootstrap.min.css\">\n\n\n<ul class=\"pagination\">\n\t    \n\t\n\n<li >\n\t<a href='?page_no=14759'>Previous<\/a>\n\t<\/li>\n\n\n       \n    \n\n<li><a href='?page_no=1'>1<\/a><\/li>\n\n\n\n<li><a href='?page_no=2'>2<\/a><\/li>\n\n\n\n<li><a>...<\/a><\/li>\n\n\n\n<li><a href='?page_no=14758'>14758<\/a><\/li>\n\n\n\n<li><a href='?page_no=14759'>14759<\/a><\/li>\n\n\n\n<li class='active'><a>14760<\/a><\/li>\n\n\n\n<li><a href='?page_no=14761'>14761<\/a><\/li>\n\n\n\n<li><a href='?page_no=14762'>14762<\/a><\/li>\n\n\n\n<li><a>...<\/a><\/li>\n\n\n\n<li><a href='?page_no=36999'>36999<\/a><\/li>\n\n\n\n<li><a href='?page_no=37000'>37000<\/a><\/li>\n\n    \n\t\n\n<li >\n\t<a href='?page_no=14761'>Next<\/a>\n\t<\/li>\n\n\n    \n\n<li><a href='?page_no=37000'>Last &rsaquo;&rsaquo;<\/a><\/li>\n\n<\/ul>\n\n\n--><br \/>\n<\/body><\/p>\n","protected":false},"excerpt":{"rendered":"<p>Santo Domingo, RD, 24 de Agosto.-Para este lunes a las ocho de la noche ha sido convocado el Comit\u00e9 Politico del Partido de la Liberaci\u00f3n Dominicana (PLD), para entre otros temas, conocer del informe de las comisiones designadas por ese organismo con los fines de aplicar las resoluciones aprobadas en el VIII Congreso Ordinario Comandante [&hellip;]<\/p>\n","protected":false},"author":3,"featured_media":0,"comment_status":"open","ping_status":"open","sticky":false,"template":"","format":"standard","meta":{"footnotes":""},"categories":[22],"tags":[],"class_list":["post-162345","post","type-post","status-publish","format-standard","hentry","category-politica"],"_links":{"self":[{"href":"https:\/\/diariodominicano.com\/index.php?rest_route=\/wp\/v2\/posts\/162345","targetHints":{"allow":["GET"]}}],"collection":[{"href":"https:\/\/diariodominicano.com\/index.php?rest_route=\/wp\/v2\/posts"}],"about":[{"href":"https:\/\/diariodominicano.com\/index.php?rest_route=\/wp\/v2\/types\/post"}],"author":[{"embeddable":true,"href":"https:\/\/diariodominicano.com\/index.php?rest_route=\/wp\/v2\/users\/3"}],"replies":[{"embeddable":true,"href":"https:\/\/diariodominicano.com\/index.php?rest_route=%2Fwp%2Fv2%2Fcomments&post=162345"}],"version-history":[{"count":0,"href":"https:\/\/diariodominicano.com\/index.php?rest_route=\/wp\/v2\/posts\/162345\/revisions"}],"wp:attachment":[{"href":"https:\/\/diariodominicano.com\/index.php?rest_route=%2Fwp%2Fv2%2Fmedia&parent=162345"}],"wp:term":[{"taxonomy":"category","embeddable":true,"href":"https:\/\/diariodominicano.com\/index.php?rest_route=%2Fwp%2Fv2%2Fcategories&post=162345"},{"taxonomy":"post_tag","embeddable":true,"href":"https:\/\/diariodominicano.com\/index.php?rest_route=%2Fwp%2Fv2%2Ftags&post=162345"}],"curies":[{"name":"wp","href":"https:\/\/api.w.org\/{rel}","templated":true}]}}