{"id":162343,"date":"2014-08-24T14:46:49","date_gmt":"2014-08-24T14:46:49","guid":{"rendered":"http:\/\/diariodominicano.ddns.net\/?p=162343"},"modified":"2014-08-24T14:46:49","modified_gmt":"2014-08-24T14:46:49","slug":"propone-amplia-reforma-curricular-para-mejorar-calidad-educativa-e-impactar-en-el-desarrollo-del-pais","status":"publish","type":"post","link":"https:\/\/diariodominicano.com\/?p=162343","title":{"rendered":"Propone amplia reforma curricular para mejorar calidad educativa e impactar en el desarrollo del pa\u00eds"},"content":{"rendered":"<p><body><\/p>\n<p><img decoding=\"async\" src=\"img3\/francisco.jpg\" \/>  <\/p>\n<p><span class=\"text1noticias\">Santo Domingo, RD, 24 de Agosto.-El aspirante presidencial del Partido de la Liberaci\u00f3n Dominicana (PLD), Francisco Javier Garc\u00eda propuso este domingo convocar a la discusi\u00f3n de una amplia reforma curricular de la educaci\u00f3n preuniversitaria que propicie una calidad educativa que frene las trabas y acelere el proceso de desarrollo de  la Rep\u00fablica Dominicana en los \u00e1mbitos econ\u00f3mico, social, pol\u00edtico y cultural.<\/span><\/p>\n<\/p>\n<p><span class=\"text1noticias\">\tSostuvo que la poblaci\u00f3n ha visto con simpat\u00eda la revoluci\u00f3n educativa dispuesta por la administraci\u00f3n que encabeza el presidente Danilo Medina, destinando el 4% del Producto Interno Bruto (PIB) a ese sector, enfatizando en la Jornada Educativa Extendida y la construcci\u00f3n de una gran cantidad de centros educativos.<\/span><\/p>\n<\/p>\n<p><span class=\"text1noticias\">\tDijo, sin embargo, que eso no ser\u00eda suficiente si no se aprueba una reforma curricular integral que abarque a los diferentes niveles educativos, de manera que los contenidos respondan a una calidad educativa acorde con las estrategias de desarrollo del pa\u00eds.<\/span><\/p>\n<\/p>\n<p><span class=\"text1noticias\">\tGarc\u00eda consider\u00f3 que se requiere introducir cambios en la educaci\u00f3n dominicana que potencialicen la investigaci\u00f3n, las ciencias, las artes, los deportes y la recreaci\u00f3n.<\/span><\/p>\n<\/p>\n<p><span class=\"text1noticias\">\t\u00abTodos sabemos que cuando se eval\u00faan los est\u00e1ndares de calidad de la Rep\u00fablica Dominicana a nivel internacional, entonces vemos que quedamos en los \u00faltimos lugares. Esto significa que los contenidos que est\u00e1n recibiendo los estudiantes no son los pertinentes, por lo que hay que reformar los curr\u00edculos de los niveles Inicial, Primario y del Bachillerato\u00bb, expres\u00f3.<\/span><\/p>\n<\/p>\n<p><span class=\"text1noticias\">\tAgreg\u00f3 que, adem\u00e1s de los contenidos, se deben incluir modernas metodolog\u00edas, estrategias  e indicadores que posibiliten que los docentes y estudiantes conviertan las aulas en verdaderos escenarios de aprendizajes significativos que conduzca a una calidad educativa que respondan a las demandas de las sociedades m\u00e1s avanzadas del mundo.<\/span><\/p>\n<\/p>\n<p><span class=\"text1noticias\">\tConforme al estratega pelede\u00edsta, las instituciones y personalidades que se involucraron en la discusi\u00f3n y aprobaci\u00f3n del Pacto Educativo podr\u00edan perfectamente motorizar la reforma curricular para que sea concebida y elaborada  a la mayor brevedad posible.<\/span><\/p>\n<\/p>\n<p><span class=\"text1noticias\">\tDijo que todas las naciones que han logrado llevar bienestar a sus respectivos pueblos, lo han hecho a partir de la mejora de la calidad educativa.(HG)<\/span>.<\/p>\n<\/p>\n<h6> 2014-08-24 14:46:49 <\/h6>\n<p><!--\n<link rel=\"stylesheet\" href=\"css\/bootstrap.min.css\">\n\n\n<ul class=\"pagination\">\n\t    \n\t\n\n<li >\n\t<a href='?page_no=14758'>Previous<\/a>\n\t<\/li>\n\n\n       \n    \n\n<li><a href='?page_no=1'>1<\/a><\/li>\n\n\n\n<li><a href='?page_no=2'>2<\/a><\/li>\n\n\n\n<li><a>...<\/a><\/li>\n\n\n\n<li><a href='?page_no=14757'>14757<\/a><\/li>\n\n\n\n<li><a href='?page_no=14758'>14758<\/a><\/li>\n\n\n\n<li class='active'><a>14759<\/a><\/li>\n\n\n\n<li><a href='?page_no=14760'>14760<\/a><\/li>\n\n\n\n<li><a href='?page_no=14761'>14761<\/a><\/li>\n\n\n\n<li><a>...<\/a><\/li>\n\n\n\n<li><a href='?page_no=36999'>36999<\/a><\/li>\n\n\n\n<li><a href='?page_no=37000'>37000<\/a><\/li>\n\n    \n\t\n\n<li >\n\t<a href='?page_no=14760'>Next<\/a>\n\t<\/li>\n\n\n    \n\n<li><a href='?page_no=37000'>Last &rsaquo;&rsaquo;<\/a><\/li>\n\n<\/ul>\n\n\n--><br \/>\n<\/body><\/p>\n","protected":false},"excerpt":{"rendered":"<p>Santo Domingo, RD, 24 de Agosto.-El aspirante presidencial del Partido de la Liberaci\u00f3n Dominicana (PLD), Francisco Javier Garc\u00eda propuso este domingo convocar a la discusi\u00f3n de una amplia reforma curricular de la educaci\u00f3n preuniversitaria que propicie una calidad educativa que frene las trabas y acelere el proceso de desarrollo de la Rep\u00fablica Dominicana en los [&hellip;]<\/p>\n","protected":false},"author":3,"featured_media":0,"comment_status":"open","ping_status":"open","sticky":false,"template":"","format":"standard","meta":{"footnotes":""},"categories":[22],"tags":[],"class_list":["post-162343","post","type-post","status-publish","format-standard","hentry","category-politica"],"_links":{"self":[{"href":"https:\/\/diariodominicano.com\/index.php?rest_route=\/wp\/v2\/posts\/162343","targetHints":{"allow":["GET"]}}],"collection":[{"href":"https:\/\/diariodominicano.com\/index.php?rest_route=\/wp\/v2\/posts"}],"about":[{"href":"https:\/\/diariodominicano.com\/index.php?rest_route=\/wp\/v2\/types\/post"}],"author":[{"embeddable":true,"href":"https:\/\/diariodominicano.com\/index.php?rest_route=\/wp\/v2\/users\/3"}],"replies":[{"embeddable":true,"href":"https:\/\/diariodominicano.com\/index.php?rest_route=%2Fwp%2Fv2%2Fcomments&post=162343"}],"version-history":[{"count":0,"href":"https:\/\/diariodominicano.com\/index.php?rest_route=\/wp\/v2\/posts\/162343\/revisions"}],"wp:attachment":[{"href":"https:\/\/diariodominicano.com\/index.php?rest_route=%2Fwp%2Fv2%2Fmedia&parent=162343"}],"wp:term":[{"taxonomy":"category","embeddable":true,"href":"https:\/\/diariodominicano.com\/index.php?rest_route=%2Fwp%2Fv2%2Fcategories&post=162343"},{"taxonomy":"post_tag","embeddable":true,"href":"https:\/\/diariodominicano.com\/index.php?rest_route=%2Fwp%2Fv2%2Ftags&post=162343"}],"curies":[{"name":"wp","href":"https:\/\/api.w.org\/{rel}","templated":true}]}}