{"id":162342,"date":"2014-08-24T15:13:58","date_gmt":"2014-08-24T15:13:58","guid":{"rendered":"http:\/\/diariodominicano.ddns.net\/?p=162342"},"modified":"2014-08-24T15:13:58","modified_gmt":"2014-08-24T15:13:58","slug":"confia-en-sensatez-de-danilo-para-que-no-sometan-al-pais-a-un-estres-institucional-con-la-reeleccion","status":"publish","type":"post","link":"https:\/\/diariodominicano.com\/?p=162342","title":{"rendered":"Conf\u00eda en sensatez de Danilo para que no sometan al pa\u00eds a un \u00abestr\u00e9s institucional\u00bb con la reelecci\u00f3n"},"content":{"rendered":"<p><body><\/p>\n<p><span class=\"text1noticias\">Santo Domingo, RD, 24 de Agosto.-El doctor C\u00e9sar Pina Toribio, Consultor Jur\u00eddico del Poder Ejecutivo y miembro del Comit\u00e9 Pol\u00edtico del oficialista Partido de la Liberaci\u00f3n Dominicana (PLD), dijo confiar en la sensatez del presidente Danilo Medina y de la direcci\u00f3n de la organizaci\u00f3n pol\u00edtica para evitar que el pa\u00eds sea sometido a lo que defini\u00f3 como una situaci\u00f3n \u00abestr\u00e9s institucional\u00bb con la reelecci\u00f3n.<\/span><\/p>\n<\/p>\n<p><span class=\"text1noticias\">El funcionario y pol\u00edtico sostuvo que contra la repostulaci\u00f3n inmediata del presidente existe una prohibici\u00f3n constitucional que habr\u00eda que superar, y, aunque admiti\u00f3 que existen v\u00edas institucionales para modificar la Carta Magna con tal prop\u00f3sito, mostr\u00f3 su oposici\u00f3n a que ello ocurra.<\/span><\/p>\n<\/p>\n<p><span class=\"text1noticias\">\u00abEs posibl&#8230; Es posible\u00bb, dijo, refiri\u00e9ndose a la posibilidad de una modificaci\u00f3n a la Constituci\u00f3n, \u00abpero es un esfuerzo fuerte el proceso de hacer un cambio constitucional\u00bb.<\/span><\/p>\n<\/p>\n<p><span class=\"text1noticias\">\u00abYo conf\u00edo en la sensatez del presidente y en la direcci\u00f3n del partido para que el pa\u00eds no sea sometido a una situaci\u00f3n de estr\u00e9s institucional con la reelecci\u00f3n\u00bb, manifest\u00f3 el doctor Pina Toribio al participar como entrevistado en el programa Encuentro Extra con Cristhian Jim\u00e9nez que se trasmite cada domingo de 7 a 8 de la ma\u00f1ana por el canal 9 de Color Visi\u00f3n y de 7 a 8 de la noche por el 45 de Tele-Radio Am\u00e9rica.<\/span><\/p>\n<\/p>\n<p><span class=\"text1noticias\">Pina Toribio plante\u00f3 que independientemente de todo cuanto se debata al respecto lo que se har\u00e1 estar\u00e1 sujeto a acuerdos que se establezcan en la direcci\u00f3n del PLD.(HG)<\/span>.<\/p>\n<h6> 2014-08-24 15:13:58 <\/h6>\n<p><!--\n<link rel=\"stylesheet\" href=\"css\/bootstrap.min.css\">\n\n\n<ul class=\"pagination\">\n\t    \n\t\n\n<li >\n\t<a href='?page_no=14757'>Previous<\/a>\n\t<\/li>\n\n\n       \n    \n\n<li><a href='?page_no=1'>1<\/a><\/li>\n\n\n\n<li><a href='?page_no=2'>2<\/a><\/li>\n\n\n\n<li><a>...<\/a><\/li>\n\n\n\n<li><a href='?page_no=14756'>14756<\/a><\/li>\n\n\n\n<li><a href='?page_no=14757'>14757<\/a><\/li>\n\n\n\n<li class='active'><a>14758<\/a><\/li>\n\n\n\n<li><a href='?page_no=14759'>14759<\/a><\/li>\n\n\n\n<li><a href='?page_no=14760'>14760<\/a><\/li>\n\n\n\n<li><a>...<\/a><\/li>\n\n\n\n<li><a href='?page_no=36999'>36999<\/a><\/li>\n\n\n\n<li><a href='?page_no=37000'>37000<\/a><\/li>\n\n    \n\t\n\n<li >\n\t<a href='?page_no=14759'>Next<\/a>\n\t<\/li>\n\n\n    \n\n<li><a href='?page_no=37000'>Last &rsaquo;&rsaquo;<\/a><\/li>\n\n<\/ul>\n\n\n--><br \/>\n<\/body><\/p>\n","protected":false},"excerpt":{"rendered":"<p>Santo Domingo, RD, 24 de Agosto.-El doctor C\u00e9sar Pina Toribio, Consultor Jur\u00eddico del Poder Ejecutivo y miembro del Comit\u00e9 Pol\u00edtico del oficialista Partido de la Liberaci\u00f3n Dominicana (PLD), dijo confiar en la sensatez del presidente Danilo Medina y de la direcci\u00f3n de la organizaci\u00f3n pol\u00edtica para evitar que el pa\u00eds sea sometido a lo que [&hellip;]<\/p>\n","protected":false},"author":3,"featured_media":0,"comment_status":"open","ping_status":"open","sticky":false,"template":"","format":"standard","meta":{"footnotes":""},"categories":[22],"tags":[],"class_list":["post-162342","post","type-post","status-publish","format-standard","hentry","category-politica"],"_links":{"self":[{"href":"https:\/\/diariodominicano.com\/index.php?rest_route=\/wp\/v2\/posts\/162342","targetHints":{"allow":["GET"]}}],"collection":[{"href":"https:\/\/diariodominicano.com\/index.php?rest_route=\/wp\/v2\/posts"}],"about":[{"href":"https:\/\/diariodominicano.com\/index.php?rest_route=\/wp\/v2\/types\/post"}],"author":[{"embeddable":true,"href":"https:\/\/diariodominicano.com\/index.php?rest_route=\/wp\/v2\/users\/3"}],"replies":[{"embeddable":true,"href":"https:\/\/diariodominicano.com\/index.php?rest_route=%2Fwp%2Fv2%2Fcomments&post=162342"}],"version-history":[{"count":0,"href":"https:\/\/diariodominicano.com\/index.php?rest_route=\/wp\/v2\/posts\/162342\/revisions"}],"wp:attachment":[{"href":"https:\/\/diariodominicano.com\/index.php?rest_route=%2Fwp%2Fv2%2Fmedia&parent=162342"}],"wp:term":[{"taxonomy":"category","embeddable":true,"href":"https:\/\/diariodominicano.com\/index.php?rest_route=%2Fwp%2Fv2%2Fcategories&post=162342"},{"taxonomy":"post_tag","embeddable":true,"href":"https:\/\/diariodominicano.com\/index.php?rest_route=%2Fwp%2Fv2%2Ftags&post=162342"}],"curies":[{"name":"wp","href":"https:\/\/api.w.org\/{rel}","templated":true}]}}