{"id":162341,"date":"2014-08-24T15:20:59","date_gmt":"2014-08-24T15:20:59","guid":{"rendered":"http:\/\/diariodominicano.ddns.net\/?p=162341"},"modified":"2014-08-24T15:20:59","modified_gmt":"2014-08-24T15:20:59","slug":"pide-a-dm-aumentar-sueldos-trabajadores","status":"publish","type":"post","link":"https:\/\/diariodominicano.com\/?p=162341","title":{"rendered":"Pide a DM aumentar sueldos trabajadores"},"content":{"rendered":"<p><body><\/p>\n<p><img decoding=\"async\" src=\"img3\/abinader.jpg\" \/>  <\/p>\n<p><span class=\"text1noticias\">SAN FRANCISCO DE MACORIS, Duarte, RD, 24 de Agosto.-El aspirante presidencial del Partido Revolucionario Mayoritario (PRM), Luis Abinader pidi\u00f3 al presidente Danilo Medina que \u00abpase de la palabra a los hechos\u00bb y disponga un reajuste en los sueldos de los empleados p\u00fablicos, militares y polic\u00edas.<\/span><\/p>\n<\/p>\n<p><span class=\"text1noticias\">\u00abSe trata de un acto de justicia, ya que el poder adquisitivo real del salario en 2013 hab\u00eda retrocedido al mismo nivel de 1991, lo que significa que la poblaci\u00f3n laboral dominicana se encuentra en una  fase de empobrecimiento\u00bb, afirm\u00f3. <\/span><\/p>\n<\/p>\n<p><span class=\"text1noticias\">Agreg\u00f3 que \u00abel Presidente no puede quejarse de los bajos salarios que devengan los trabajadores mientras permite que en su propio gobierno se mantengan diferencias abismales entre la mayor\u00eda de los empleados p\u00fablicos y los funcionarios altos y medios que han aprovechado el poder para servirse con la cuchara grande\u00bb.<\/span><\/p>\n<\/p>\n<p><span class=\"text1noticias\">Abinader respondi\u00f3 de ese modo a declaraciones del presidente Medina sobre la situaci\u00f3n salarial de la Rep\u00fablica Dominicana. Se\u00f1al\u00f3 que  con 10 mil pesos no se no puede vivir en este pa\u00eds, donde, adem\u00e1s, m\u00e1s del 68 por ciento de los asalariados no llegan a esa suma.<\/span><\/p>\n<\/p>\n<p><span class=\"text1noticias\">\u00abNo le pido al presidente Medina que decrete un aumento general de salario en el sector p\u00fablico, sino que disponga una restructuraci\u00f3n racional, para reducir la brecha entre los empleados que perciben sueldos sumamente bajos, que no les alcanza para vivir con un m\u00ednimo de dignidad, y los funcionarios privilegiados que tienen ingresos superiores a los de muchos pa\u00edses del Primer Mundo\u00bb, apunt\u00f3.<\/span><\/p>\n<\/p>\n<p><span class=\"text1noticias\">Abinader habl\u00f3 durante un acto con dirigentes del PRM, en el municipio Arenoso, de la provincia Duarte.(HG)<\/span>.<\/p>\n<h6> 2014-08-24 15:20:59 <\/h6>\n<p><!--\n<link rel=\"stylesheet\" href=\"css\/bootstrap.min.css\">\n\n\n<ul class=\"pagination\">\n\t    \n\t\n\n<li >\n\t<a href='?page_no=14756'>Previous<\/a>\n\t<\/li>\n\n\n       \n    \n\n<li><a href='?page_no=1'>1<\/a><\/li>\n\n\n\n<li><a href='?page_no=2'>2<\/a><\/li>\n\n\n\n<li><a>...<\/a><\/li>\n\n\n\n<li><a href='?page_no=14755'>14755<\/a><\/li>\n\n\n\n<li><a href='?page_no=14756'>14756<\/a><\/li>\n\n\n\n<li class='active'><a>14757<\/a><\/li>\n\n\n\n<li><a href='?page_no=14758'>14758<\/a><\/li>\n\n\n\n<li><a href='?page_no=14759'>14759<\/a><\/li>\n\n\n\n<li><a>...<\/a><\/li>\n\n\n\n<li><a href='?page_no=36999'>36999<\/a><\/li>\n\n\n\n<li><a href='?page_no=37000'>37000<\/a><\/li>\n\n    \n\t\n\n<li >\n\t<a href='?page_no=14758'>Next<\/a>\n\t<\/li>\n\n\n    \n\n<li><a href='?page_no=37000'>Last &rsaquo;&rsaquo;<\/a><\/li>\n\n<\/ul>\n\n\n--><br \/>\n<\/body><\/p>\n","protected":false},"excerpt":{"rendered":"<p>SAN FRANCISCO DE MACORIS, Duarte, RD, 24 de Agosto.-El aspirante presidencial del Partido Revolucionario Mayoritario (PRM), Luis Abinader pidi\u00f3 al presidente Danilo Medina que \u00abpase de la palabra a los hechos\u00bb y disponga un reajuste en los sueldos de los empleados p\u00fablicos, militares y polic\u00edas. \u00abSe trata de un acto de justicia, ya que el [&hellip;]<\/p>\n","protected":false},"author":3,"featured_media":0,"comment_status":"open","ping_status":"open","sticky":false,"template":"","format":"standard","meta":{"footnotes":""},"categories":[22],"tags":[],"class_list":["post-162341","post","type-post","status-publish","format-standard","hentry","category-politica"],"_links":{"self":[{"href":"https:\/\/diariodominicano.com\/index.php?rest_route=\/wp\/v2\/posts\/162341","targetHints":{"allow":["GET"]}}],"collection":[{"href":"https:\/\/diariodominicano.com\/index.php?rest_route=\/wp\/v2\/posts"}],"about":[{"href":"https:\/\/diariodominicano.com\/index.php?rest_route=\/wp\/v2\/types\/post"}],"author":[{"embeddable":true,"href":"https:\/\/diariodominicano.com\/index.php?rest_route=\/wp\/v2\/users\/3"}],"replies":[{"embeddable":true,"href":"https:\/\/diariodominicano.com\/index.php?rest_route=%2Fwp%2Fv2%2Fcomments&post=162341"}],"version-history":[{"count":0,"href":"https:\/\/diariodominicano.com\/index.php?rest_route=\/wp\/v2\/posts\/162341\/revisions"}],"wp:attachment":[{"href":"https:\/\/diariodominicano.com\/index.php?rest_route=%2Fwp%2Fv2%2Fmedia&parent=162341"}],"wp:term":[{"taxonomy":"category","embeddable":true,"href":"https:\/\/diariodominicano.com\/index.php?rest_route=%2Fwp%2Fv2%2Fcategories&post=162341"},{"taxonomy":"post_tag","embeddable":true,"href":"https:\/\/diariodominicano.com\/index.php?rest_route=%2Fwp%2Fv2%2Ftags&post=162341"}],"curies":[{"name":"wp","href":"https:\/\/api.w.org\/{rel}","templated":true}]}}