{"id":162340,"date":"2014-08-24T16:24:46","date_gmt":"2014-08-24T16:24:46","guid":{"rendered":"http:\/\/diariodominicano.ddns.net\/?p=162340"},"modified":"2014-08-24T16:24:46","modified_gmt":"2014-08-24T16:24:46","slug":"victor-mateo-no-es-el-momento-de-hablar-de-boleta-consensuada-en-barahona","status":"publish","type":"post","link":"https:\/\/diariodominicano.com\/?p=162340","title":{"rendered":"V\u00edctor Mateo: \u00abNo es el momento de hablar de boleta consensuada\u00bb en Barahona"},"content":{"rendered":"<p><body><\/p>\n<p><img decoding=\"async\" src=\"img3\/mateo.jpg\" \/>  <\/p>\n<p><span class=\"text1noticias\">BARAHONA, RD, 24 de Agosto.- El dirigente del Partido de la Liberaci\u00f3n Dominicana (PLD), V\u00edctor Mateo V\u00e1squez dijo que este no es el momento de hablar de una boleta consensuada en esta provincia para las pr\u00f3ximas elecciones congresuales y municipales del a\u00f1o 2016, debido a que el proceso interno de al entidad oficialista no ha sido oficializado.<\/span><\/p>\n<p><span class=\"text1noticias\"> <\/span><\/p>\n<p><span class=\"text1noticias\"> Mateo V\u00e1squez agradeci\u00f3 a los sectores dentro de la organizaron morada y la sociedad Barahonera, que lo sit\u00faan como posible candidato a diputado por esta demarcaci\u00f3n.<\/span><\/p>\n<p><span class=\"text1noticias\"> <\/span><\/p>\n<p><span class=\"text1noticias\">El tambi\u00e9n catedr\u00e1tico universitario de la Pontificia Universidad Cat\u00f3lica Madre y Maestra (PUCMM) y la Universidad Aut\u00f3noma de Santo Domingo (UASD), manifest\u00f3, que si en un momento determinado, las circunstancias ameritan que debe de ser candidato a diputado por el PLD no defraudara al pueblo Barahonero desde la C\u00e1mara Baja.<\/span><\/p>\n<p><span class=\"text1noticias\"> <\/span><\/p>\n<p><span class=\"text1noticias\">El dirigente pol\u00edtico ofreci\u00f3 estas declaraciones al ser cuestionado por periodistas sobre una supuesta  boleta consensuada que sit\u00faa a Jos\u00e9 del Castillo Savi\u00f1\u00f3n como candidato a Senador, Noris Medina, Mariano Montero y V\u00edctor Mateo V\u00e1squez como diputados y al ingeniero Pedro Pe\u00f1a Rubio como sindico por esta ciudad.<\/span><\/p>\n<p><span class=\"text1noticias\"> <\/span><\/p>\n<p><span class=\"text1noticias\"><strong>Sostiene encuentro<\/strong><\/span><\/p>\n<p><span class=\"text1noticias\"> <\/span><\/p>\n<p><span class=\"text1noticias\">Mateo V\u00e1squez sostuvo un encuentro con el aspirante a s\u00edndico por el Partido de la Liberaci\u00f3n Dominicana (PLD), Carlos Garc\u00eda L\u00f3pez, donde pasaron revista al acontecer pol\u00edtico local, nacional y la marcha de su campana a la sindicatura.(HG)<\/span>.<\/p>\n<h6> 2014-08-24 16:24:46 <\/h6>\n<p><!--\n<link rel=\"stylesheet\" href=\"css\/bootstrap.min.css\">\n\n\n<ul class=\"pagination\">\n\t    \n\t\n\n<li >\n\t<a href='?page_no=14755'>Previous<\/a>\n\t<\/li>\n\n\n       \n    \n\n<li><a href='?page_no=1'>1<\/a><\/li>\n\n\n\n<li><a href='?page_no=2'>2<\/a><\/li>\n\n\n\n<li><a>...<\/a><\/li>\n\n\n\n<li><a href='?page_no=14754'>14754<\/a><\/li>\n\n\n\n<li><a href='?page_no=14755'>14755<\/a><\/li>\n\n\n\n<li class='active'><a>14756<\/a><\/li>\n\n\n\n<li><a href='?page_no=14757'>14757<\/a><\/li>\n\n\n\n<li><a href='?page_no=14758'>14758<\/a><\/li>\n\n\n\n<li><a>...<\/a><\/li>\n\n\n\n<li><a href='?page_no=36999'>36999<\/a><\/li>\n\n\n\n<li><a href='?page_no=37000'>37000<\/a><\/li>\n\n    \n\t\n\n<li >\n\t<a href='?page_no=14757'>Next<\/a>\n\t<\/li>\n\n\n    \n\n<li><a href='?page_no=37000'>Last &rsaquo;&rsaquo;<\/a><\/li>\n\n<\/ul>\n\n\n--><br \/>\n<\/body><\/p>\n","protected":false},"excerpt":{"rendered":"<p>BARAHONA, RD, 24 de Agosto.- El dirigente del Partido de la Liberaci\u00f3n Dominicana (PLD), V\u00edctor Mateo V\u00e1squez dijo que este no es el momento de hablar de una boleta consensuada en esta provincia para las pr\u00f3ximas elecciones congresuales y municipales del a\u00f1o 2016, debido a que el proceso interno de al entidad oficialista no ha [&hellip;]<\/p>\n","protected":false},"author":3,"featured_media":0,"comment_status":"open","ping_status":"open","sticky":false,"template":"","format":"standard","meta":{"footnotes":""},"categories":[22],"tags":[],"class_list":["post-162340","post","type-post","status-publish","format-standard","hentry","category-politica"],"_links":{"self":[{"href":"https:\/\/diariodominicano.com\/index.php?rest_route=\/wp\/v2\/posts\/162340","targetHints":{"allow":["GET"]}}],"collection":[{"href":"https:\/\/diariodominicano.com\/index.php?rest_route=\/wp\/v2\/posts"}],"about":[{"href":"https:\/\/diariodominicano.com\/index.php?rest_route=\/wp\/v2\/types\/post"}],"author":[{"embeddable":true,"href":"https:\/\/diariodominicano.com\/index.php?rest_route=\/wp\/v2\/users\/3"}],"replies":[{"embeddable":true,"href":"https:\/\/diariodominicano.com\/index.php?rest_route=%2Fwp%2Fv2%2Fcomments&post=162340"}],"version-history":[{"count":0,"href":"https:\/\/diariodominicano.com\/index.php?rest_route=\/wp\/v2\/posts\/162340\/revisions"}],"wp:attachment":[{"href":"https:\/\/diariodominicano.com\/index.php?rest_route=%2Fwp%2Fv2%2Fmedia&parent=162340"}],"wp:term":[{"taxonomy":"category","embeddable":true,"href":"https:\/\/diariodominicano.com\/index.php?rest_route=%2Fwp%2Fv2%2Fcategories&post=162340"},{"taxonomy":"post_tag","embeddable":true,"href":"https:\/\/diariodominicano.com\/index.php?rest_route=%2Fwp%2Fv2%2Ftags&post=162340"}],"curies":[{"name":"wp","href":"https:\/\/api.w.org\/{rel}","templated":true}]}}