{"id":162337,"date":"2014-08-25T12:02:25","date_gmt":"2014-08-25T12:02:25","guid":{"rendered":"http:\/\/diariodominicano.ddns.net\/?p=162337"},"modified":"2014-08-25T12:02:25","modified_gmt":"2014-08-25T12:02:25","slug":"leonel-esperara-la-opinion-de-danilo-sobre-reeleccion-multitud-le-solicita-decidir-su-candidatura-presidencial","status":"publish","type":"post","link":"https:\/\/diariodominicano.com\/?p=162337","title":{"rendered":"Leonel esperar\u00e1 la opini\u00f3n de Danilo sobre reelecci\u00f3n; multitud le solicita decidir su candidatura presidencial"},"content":{"rendered":"<p><body><\/p>\n<p><img decoding=\"async\" src=\"img3\/leo 25.jpeg\" \/>  <\/p>\n<p>Santo Domingo RD 25 agosto.- El expresidente Leonel  Fern\u00e1ndez  rehus\u00f3 ayer referirse a la respuesta  que dio el presidente  Danilo Medina a una pregunta sobre si buscar\u00eda la reelecci\u00f3n presidencial, explicando que si el jefe de Estado dijo que hablar\u00e1 sobre el tema en su oportunidad,  \u00e9l no puede hacerlo antes de que eso se produzca.   <\/p>\n<\/p>\n<p>\u00abEn su conferencia de prensa  el presidente Medina  dijo que se referir\u00eda a eso en su oportunidad y, por tanto, yo no puedo opinar antes que \u00e9l hable sobre eso\u00bb, respondi\u00f3  Fern\u00e1ndez al ser entrevistado por los periodistas  al participar ayer en un acto   del  nuevo movimiento \u00abSociedad Rural de Leonel\u00bb, en el que le fue solicitado postularse para el 2016.<\/p>\n<\/p>\n<p>Cuando los periodistas le pidieron su opini\u00f3n acerca de la reelecci\u00f3n, Fern\u00e1ndez  los remiti\u00f3 a declaraciones que ha ofrecido en ocasiones anteriores sobre ese tema. \u00abYa me he referido a eso. Busque lo que yo he dicho sobre eso\u00bb.<\/p>\n<\/p>\n<p>El exjefe de Estado reiter\u00f3 que a\u00fan est\u00e1 en proceso de escuchar peticiones para definir el lanzamiento de su precandidatura a la presidencia de la Rep\u00fablica, pero durante el acto de apoyo hizo varias promesas al sector rural con miras a  un gobierno del PLD a partir del 2016.<\/p>\n<\/p>\n<p>Fern\u00e1ndez resalt\u00f3 la importancia de  los movimientos que lo promueven para que vuelva a ser candidato para el 2016, se\u00f1alando que constituyen un gran respaldo porque son sectores representativos de la sociedad, entre los que figuran empresarios, comunitarios y hombre y mujeres del campo.<\/p>\n<\/p>\n<p>\u00abEstoy recibiendo solicitudes, respaldo para que lo pondere y, efectivamente, en eso estamos, escuchando esas peticiones. Creo que es un gran apoyo el que estamos recibiendo hoy, sobre todo cuando se trata de un sector representativo de la sociedad dominicana, se trata de los sectores de alimentos, los que mantienen la supervivencia de la sociedad dominicana. Hombres y mujeres del campo, del mundo rural, brindando ese apoyo aqu\u00ed y yo lo valoro mucho y lo pondero\u00bb, expres\u00f3.<\/p>\n<\/p>\n<p>El exgobernante  manifest\u00f3 su convicci\u00f3n de  que  los vientos seguir\u00e1n soplando con mayor intensidad.<\/p>\n<\/p>\n<p>\u00abEsos vientos conducir\u00e1n al pueblo dominicano  a puerto seguro en el a\u00f1o 2016 y bajo cualquier circunstancia, y con el respaldo del sector rural y campesino es pa? lante que vamos\u00bb, expres\u00f3.<\/p>\n<\/p>\n<p>MOVIMIENTO DEFIENDE GOBIERNOS DE LEONEL<\/p>\n<p>Al recibir el apoyo del movimiento \u00abSociedad Rural de Leonel\u00bb, Fern\u00e1ndez defendi\u00f3 cuanto hizo por el campo durante sus gestiones, citando algunas de esas. Present\u00f3 un panorama a futuro en que los pa\u00edses no tendr\u00e1n capacidad para producir los alimentos que requieran, debido al crecimiento poblacional.<\/p>\n<\/p>\n<p>Puso como ejemplo que China est\u00e1 comprando y arrendando terrenos fuera de su pa\u00eds para producir alimento solo para exportaci\u00f3n, a la vez que se\u00f1al\u00f3 que en un nuevo Gobierno del PLD est\u00e1n compelidos a darle al sector rural el lugar que le corresponde.<\/p>\n<\/p>\n<p> \u00abEl pr\u00f3ximo paso en la consolidaci\u00f3n es c\u00f3mo pasar de ser productores y consumidores a ser exportadores para las islas del Caribe y Am\u00e9rica Latina, y estoy seguro que eso lo cumpliremos en una pr\u00f3xima gesti\u00f3n de gobierno del PLD\u00bb, indic\u00f3.<\/p>\n<\/p>\n<p>Dijo que sin campo no hay progreso ni prosperidad y que no habr\u00e1 bienestar para la Rep\u00fablica Dominicana.<\/p>\n<\/p>\n<p>\u00abComo consecuencia de ese incremento de la poblaci\u00f3n mundial, especialmente en un pa\u00eds como china, que tiene 1, 500 millones de habitantes, ellos est\u00e1n viendo que en el futuro no tendr\u00e1n los alimentos que van a requerir y lo que est\u00e1n haciendo es comprando terrenos hasta en Am\u00e9rica Latina, para exportarlo hacia China\u00bb, explic\u00f3.<\/p>\n<h6> 2014-08-25 12:02:25 <\/h6>\n<p><!--\n<link rel=\"stylesheet\" href=\"css\/bootstrap.min.css\">\n\n\n<ul class=\"pagination\">\n\t    \n\t\n\n<li >\n\t<a href='?page_no=14752'>Previous<\/a>\n\t<\/li>\n\n\n       \n    \n\n<li><a href='?page_no=1'>1<\/a><\/li>\n\n\n\n<li><a href='?page_no=2'>2<\/a><\/li>\n\n\n\n<li><a>...<\/a><\/li>\n\n\n\n<li><a href='?page_no=14751'>14751<\/a><\/li>\n\n\n\n<li><a href='?page_no=14752'>14752<\/a><\/li>\n\n\n\n<li class='active'><a>14753<\/a><\/li>\n\n\n\n<li><a href='?page_no=14754'>14754<\/a><\/li>\n\n\n\n<li><a href='?page_no=14755'>14755<\/a><\/li>\n\n\n\n<li><a>...<\/a><\/li>\n\n\n\n<li><a href='?page_no=36999'>36999<\/a><\/li>\n\n\n\n<li><a href='?page_no=37000'>37000<\/a><\/li>\n\n    \n\t\n\n<li >\n\t<a href='?page_no=14754'>Next<\/a>\n\t<\/li>\n\n\n    \n\n<li><a href='?page_no=37000'>Last &rsaquo;&rsaquo;<\/a><\/li>\n\n<\/ul>\n\n\n--><br \/>\n<\/body><\/p>\n","protected":false},"excerpt":{"rendered":"<p>Santo Domingo RD 25 agosto.- El expresidente Leonel Fern\u00e1ndez rehus\u00f3 ayer referirse a la respuesta que dio el presidente Danilo Medina a una pregunta sobre si buscar\u00eda la reelecci\u00f3n presidencial, explicando que si el jefe de Estado dijo que hablar\u00e1 sobre el tema en su oportunidad, \u00e9l no puede hacerlo antes de que eso se [&hellip;]<\/p>\n","protected":false},"author":3,"featured_media":0,"comment_status":"open","ping_status":"open","sticky":false,"template":"","format":"standard","meta":{"footnotes":""},"categories":[22],"tags":[],"class_list":["post-162337","post","type-post","status-publish","format-standard","hentry","category-politica"],"_links":{"self":[{"href":"https:\/\/diariodominicano.com\/index.php?rest_route=\/wp\/v2\/posts\/162337","targetHints":{"allow":["GET"]}}],"collection":[{"href":"https:\/\/diariodominicano.com\/index.php?rest_route=\/wp\/v2\/posts"}],"about":[{"href":"https:\/\/diariodominicano.com\/index.php?rest_route=\/wp\/v2\/types\/post"}],"author":[{"embeddable":true,"href":"https:\/\/diariodominicano.com\/index.php?rest_route=\/wp\/v2\/users\/3"}],"replies":[{"embeddable":true,"href":"https:\/\/diariodominicano.com\/index.php?rest_route=%2Fwp%2Fv2%2Fcomments&post=162337"}],"version-history":[{"count":0,"href":"https:\/\/diariodominicano.com\/index.php?rest_route=\/wp\/v2\/posts\/162337\/revisions"}],"wp:attachment":[{"href":"https:\/\/diariodominicano.com\/index.php?rest_route=%2Fwp%2Fv2%2Fmedia&parent=162337"}],"wp:term":[{"taxonomy":"category","embeddable":true,"href":"https:\/\/diariodominicano.com\/index.php?rest_route=%2Fwp%2Fv2%2Fcategories&post=162337"},{"taxonomy":"post_tag","embeddable":true,"href":"https:\/\/diariodominicano.com\/index.php?rest_route=%2Fwp%2Fv2%2Ftags&post=162337"}],"curies":[{"name":"wp","href":"https:\/\/api.w.org\/{rel}","templated":true}]}}