{"id":162336,"date":"2014-08-25T18:28:53","date_gmt":"2014-08-25T18:28:53","guid":{"rendered":"http:\/\/diariodominicano.ddns.net\/?p=162336"},"modified":"2014-08-25T18:28:53","modified_gmt":"2014-08-25T18:28:53","slug":"precandidato-a-senador-pena-rubio-recibe-respaldo-en-villa-central","status":"publish","type":"post","link":"https:\/\/diariodominicano.com\/?p=162336","title":{"rendered":"&#13;&#13;&#13;&#13;Precandidato a Senador Pe\u00f1a Rubio, recibe respaldo en Villa Central"},"content":{"rendered":"<p><body><\/p>\n<p><span class=\"text1noticias\"> <\/span><\/p>\n<\/p>\n<\/p>\n<p><span class=\"text1noticias\">Barahona, RD, 25 de agosto.- El pre-candidato a senador por el Partido de la Liberaci\u00f3n Dominicana (PLD), Pedro Pe\u00f1a  Rubio, recibi\u00f3 el respaldo de los  tres  organismos de partido oficialista en el  distrito municipal de  Villa  Central,  en sus  aspiraciones  de  ser  el candidato   a esa posici\u00f3n por  esta provincia.<\/span><\/p>\n<\/p>\n<p><span class=\"text1noticias\">En un  acto realizado en el  Club Juan Pablo Duarte, Margarita Segura, Ariel P\u00e9rez y Aquilino Torres F\u00e9liz,  presidente de  los Intermedios peledeista  en la referida comunidad, expresaron su  respaldo a Pe\u00f1a  Rubio,  quien  estuvo acompa\u00f1ado  los precandidatos  a  diputados, Carlos Manuel Flori\u00e1n, Carlos Guzm\u00e1n Ferm\u00edn y Am\u00e9rica Amparo P\u00e9rez y para la alcald\u00eda Carlos Garc\u00eda.<\/span><\/p>\n<\/p>\n<p><span class=\"text1noticias\">Destacaron las cualidades del actual gobernador de  Barahona y  el  trabajo que  est\u00e1  realizando a favor de los  diferentes  sectores de  Barahona, por lo consideran es la mejor opci\u00f3n para representar esta provincia  en  el  Senado  de la  Rep\u00fablica.<\/span><\/p>\n<\/p>\n<p><span class=\"text1noticias\">De  su  lado, Pe\u00f1a Rubio agradeci\u00f3 el respaldo  y dijo aspira a ser el candidato y ganar la  Senadur\u00eda que le corresponde  a  esta provincia,  para  continuar el trabajo  que est\u00e1 realizando desde la  Gobernaci\u00f3n  de  esta provincia en beneficio de los y las barahoneras.<\/span><\/p>\n<\/p>\n<p><span class=\"text1noticias\">\u00abNosotros estamos  encaminando a Barahona hacia el desarrollo,  a trav\u00e9s  de una planificaci\u00f3n organizada  y desde el Congreso Nacional , aspiramos a continuar  trabajando por nuestro pueblo\u00bb,  refiri\u00f3.<\/span><\/p>\n<\/p>\n<p><span class=\"text1noticias\">Dirigentes peledeistas  de las  diferentes   comunidades  de  esta provincia  han expresado  su respaldo  a Pe\u00f1a Rubio, en sus aspiraciones  a la candidatura  a senador por  esta provincia, reconociendo su vinculaci\u00f3n  con los  diferentes  sectores  de la poblaci\u00f3n, con quienes ha unificado  esfuerzos en  favor del desarrollo de  esta provincia.<\/span><\/p>\n<\/p>\n<h6> 2014-08-25 18:28:53 <\/h6>\n<p><!--\n<link rel=\"stylesheet\" href=\"css\/bootstrap.min.css\">\n\n\n<ul class=\"pagination\">\n\t    \n\t\n\n<li >\n\t<a href='?page_no=14751'>Previous<\/a>\n\t<\/li>\n\n\n       \n    \n\n<li><a href='?page_no=1'>1<\/a><\/li>\n\n\n\n<li><a href='?page_no=2'>2<\/a><\/li>\n\n\n\n<li><a>...<\/a><\/li>\n\n\n\n<li><a href='?page_no=14750'>14750<\/a><\/li>\n\n\n\n<li><a href='?page_no=14751'>14751<\/a><\/li>\n\n\n\n<li class='active'><a>14752<\/a><\/li>\n\n\n\n<li><a href='?page_no=14753'>14753<\/a><\/li>\n\n\n\n<li><a href='?page_no=14754'>14754<\/a><\/li>\n\n\n\n<li><a>...<\/a><\/li>\n\n\n\n<li><a href='?page_no=36999'>36999<\/a><\/li>\n\n\n\n<li><a href='?page_no=37000'>37000<\/a><\/li>\n\n    \n\t\n\n<li >\n\t<a href='?page_no=14753'>Next<\/a>\n\t<\/li>\n\n\n    \n\n<li><a href='?page_no=37000'>Last &rsaquo;&rsaquo;<\/a><\/li>\n\n<\/ul>\n\n\n--><br \/>\n<\/body><\/p>\n","protected":false},"excerpt":{"rendered":"<p>Barahona, RD, 25 de agosto.- El pre-candidato a senador por el Partido de la Liberaci\u00f3n Dominicana (PLD), Pedro Pe\u00f1a Rubio, recibi\u00f3 el respaldo de los tres organismos de partido oficialista en el distrito municipal de Villa Central, en sus aspiraciones de ser el candidato a esa posici\u00f3n por esta provincia. En un acto realizado en [&hellip;]<\/p>\n","protected":false},"author":3,"featured_media":0,"comment_status":"open","ping_status":"open","sticky":false,"template":"","format":"standard","meta":{"footnotes":""},"categories":[22],"tags":[],"class_list":["post-162336","post","type-post","status-publish","format-standard","hentry","category-politica"],"_links":{"self":[{"href":"https:\/\/diariodominicano.com\/index.php?rest_route=\/wp\/v2\/posts\/162336","targetHints":{"allow":["GET"]}}],"collection":[{"href":"https:\/\/diariodominicano.com\/index.php?rest_route=\/wp\/v2\/posts"}],"about":[{"href":"https:\/\/diariodominicano.com\/index.php?rest_route=\/wp\/v2\/types\/post"}],"author":[{"embeddable":true,"href":"https:\/\/diariodominicano.com\/index.php?rest_route=\/wp\/v2\/users\/3"}],"replies":[{"embeddable":true,"href":"https:\/\/diariodominicano.com\/index.php?rest_route=%2Fwp%2Fv2%2Fcomments&post=162336"}],"version-history":[{"count":0,"href":"https:\/\/diariodominicano.com\/index.php?rest_route=\/wp\/v2\/posts\/162336\/revisions"}],"wp:attachment":[{"href":"https:\/\/diariodominicano.com\/index.php?rest_route=%2Fwp%2Fv2%2Fmedia&parent=162336"}],"wp:term":[{"taxonomy":"category","embeddable":true,"href":"https:\/\/diariodominicano.com\/index.php?rest_route=%2Fwp%2Fv2%2Fcategories&post=162336"},{"taxonomy":"post_tag","embeddable":true,"href":"https:\/\/diariodominicano.com\/index.php?rest_route=%2Fwp%2Fv2%2Ftags&post=162336"}],"curies":[{"name":"wp","href":"https:\/\/api.w.org\/{rel}","templated":true}]}}