{"id":162335,"date":"2014-08-25T18:40:34","date_gmt":"2014-08-25T18:40:34","guid":{"rendered":"http:\/\/diariodominicano.ddns.net\/?p=162335"},"modified":"2014-08-25T18:40:34","modified_gmt":"2014-08-25T18:40:34","slug":"julio-jimenez-aboga-por-replantear-y-relanzar-el-bloque-progresista","status":"publish","type":"post","link":"https:\/\/diariodominicano.com\/?p=162335","title":{"rendered":"Julio Jim\u00e9nez aboga por replantear y relanzar el Bloque Progresista"},"content":{"rendered":"<p><body><\/p>\n<p><img decoding=\"async\" src=\"img3\/pri 25.jpg\" \/>  <\/p>\n<p>Santo Domingo RD 25 agosto.- El aspirante a la presidencia del Partido Revolucionario Independiente PRI,  Julio Jim\u00e9nez,  declar\u00f3 que el Bloque Progresista debe ser replanteado y relanzado, de manera que ocupe el lugar que le corresponde en el escenario pol\u00edtico de cara a las elecciones del 2016.<\/p>\n<\/p>\n<p> Jim\u00e9nez, adelant\u00f3 que tiene ya en su etapa final el proyecto que elabora un grupo de expertos en diversas disciplinas, el cual entregar\u00e1 en los pr\u00f3ximos d\u00edas a los dirigentes de las dem\u00e1s fuerzas aliadas.<\/p>\n<\/p>\n<p> Refiri\u00f3, que el Bloque Progresista,  est\u00e1 integrado por 13 partidos que han motorizado la victoria en alianza con el Partido de la Liberaci\u00f3n Dominicana PLD.<\/p>\n<\/p>\n<p> Explic\u00f3,  que  ese conglomerado de partidos pol\u00edticos tiene que luchar por un mayor v\u00ednculo de la sociedad y el Estado.<\/p>\n<\/p>\n<p> \u00abTenemos que elaborar y ejecutar pol\u00edticas p\u00fablicas que impulsen el desarrollo productivo de la naci\u00f3n\u00bb, resalt\u00f3.<\/p>\n<\/p>\n<p> Para Jim\u00e9nez, en el Bloque Progresista \u00abno podemos seguir siendo solo un instrumento electoral, tenemos que formarnos, modernizarnos, recurrir a la tecnolog\u00eda,  a las redes sociales, y conectarnos con una juventud que demanda m\u00e1s participaci\u00f3n en los partidos pol\u00edticos\u00bb.<\/p>\n<\/p>\n<p> Insisti\u00f3, en que este es el momento indicado para reinventarnos y transformar el liderazgo pol\u00edtico para hacerlo m\u00e1s eficiente, transparente, democr\u00e1tico y comprometido con la ejecuci\u00f3n de un amplio proceso de formaci\u00f3n y capacitaci\u00f3n de los nuevos l\u00edderes basado en el conocimiento y la tecnolog\u00eda, apegado a los valores y la \u00e9tica pol\u00edtica.<\/p>\n<\/p>\n<p> Con Roberto Rosario<\/p>\n<\/p>\n<p> Jim\u00e9nez saludo el pronunciamiento del presidente de la Junta Central Electoral, Roberto Rosario, en el sentido de que gran parte del liderazgo pol\u00edtico en el pa\u00eds sigue atrapado en la mitad del siglo pasado, por la generaci\u00f3n de la guerra y la postguerra, muy distante de la actual era de la informaci\u00f3n y el conocimiento.<\/p>\n<\/p>\n<p> En tal sentido, agreg\u00f3 que fundara el ex presidente Jacobo Majluta sugiri\u00f3 que sea replanteado la visi\u00f3n y el accionar del Bloque Progresista.<\/p>\n<\/p>\n<p> Los miembros del frente oficialista lo integran los partidos Reformista Social Cristiano (PRSC), Quisqueyano Dem\u00f3crata Cristiano (PQDC), los Trabajadores Dominicanos (PTD), Liberal de la Republica Dominicana (PLRD), Dem\u00f3crata Popular (PDP) y De Unidad Nacional (PUN).<\/p>\n<\/p>\n<p> Tambi\u00e9n, Bloque Institucional Social Dem\u00f3crata (BIS), Fuerza Nacional Progresista (FNP), Uni\u00f3n Dem\u00f3crata Cristiana (UDC), Partido Popular Cristiano (PPC), Acci\u00f3n Liberal (PAL), Partido C\u00edvico Renovador (PCR) y Partido Socialista Verde (Pasove).<\/p>\n<\/p>\n<p>Estas declaraciones fueron ofrecidas en el marco de un encuentro de los presidentes de las circunscripciones  y presidentes municipales de la provincia de Santo Domingo.<\/p>\n<\/p>\n<h6> 2014-08-25 18:40:34 <\/h6>\n<p><!--\n<link rel=\"stylesheet\" href=\"css\/bootstrap.min.css\">\n\n\n<ul class=\"pagination\">\n\t    \n\t\n\n<li >\n\t<a href='?page_no=14750'>Previous<\/a>\n\t<\/li>\n\n\n       \n    \n\n<li><a href='?page_no=1'>1<\/a><\/li>\n\n\n\n<li><a href='?page_no=2'>2<\/a><\/li>\n\n\n\n<li><a>...<\/a><\/li>\n\n\n\n<li><a href='?page_no=14749'>14749<\/a><\/li>\n\n\n\n<li><a href='?page_no=14750'>14750<\/a><\/li>\n\n\n\n<li class='active'><a>14751<\/a><\/li>\n\n\n\n<li><a href='?page_no=14752'>14752<\/a><\/li>\n\n\n\n<li><a href='?page_no=14753'>14753<\/a><\/li>\n\n\n\n<li><a>...<\/a><\/li>\n\n\n\n<li><a href='?page_no=36999'>36999<\/a><\/li>\n\n\n\n<li><a href='?page_no=37000'>37000<\/a><\/li>\n\n    \n\t\n\n<li >\n\t<a href='?page_no=14752'>Next<\/a>\n\t<\/li>\n\n\n    \n\n<li><a href='?page_no=37000'>Last &rsaquo;&rsaquo;<\/a><\/li>\n\n<\/ul>\n\n\n--><br \/>\n<\/body><\/p>\n","protected":false},"excerpt":{"rendered":"<p>Santo Domingo RD 25 agosto.- El aspirante a la presidencia del Partido Revolucionario Independiente PRI, Julio Jim\u00e9nez, declar\u00f3 que el Bloque Progresista debe ser replanteado y relanzado, de manera que ocupe el lugar que le corresponde en el escenario pol\u00edtico de cara a las elecciones del 2016. Jim\u00e9nez, adelant\u00f3 que tiene ya en su etapa [&hellip;]<\/p>\n","protected":false},"author":3,"featured_media":0,"comment_status":"open","ping_status":"open","sticky":false,"template":"","format":"standard","meta":{"footnotes":""},"categories":[22],"tags":[],"class_list":["post-162335","post","type-post","status-publish","format-standard","hentry","category-politica"],"_links":{"self":[{"href":"https:\/\/diariodominicano.com\/index.php?rest_route=\/wp\/v2\/posts\/162335","targetHints":{"allow":["GET"]}}],"collection":[{"href":"https:\/\/diariodominicano.com\/index.php?rest_route=\/wp\/v2\/posts"}],"about":[{"href":"https:\/\/diariodominicano.com\/index.php?rest_route=\/wp\/v2\/types\/post"}],"author":[{"embeddable":true,"href":"https:\/\/diariodominicano.com\/index.php?rest_route=\/wp\/v2\/users\/3"}],"replies":[{"embeddable":true,"href":"https:\/\/diariodominicano.com\/index.php?rest_route=%2Fwp%2Fv2%2Fcomments&post=162335"}],"version-history":[{"count":0,"href":"https:\/\/diariodominicano.com\/index.php?rest_route=\/wp\/v2\/posts\/162335\/revisions"}],"wp:attachment":[{"href":"https:\/\/diariodominicano.com\/index.php?rest_route=%2Fwp%2Fv2%2Fmedia&parent=162335"}],"wp:term":[{"taxonomy":"category","embeddable":true,"href":"https:\/\/diariodominicano.com\/index.php?rest_route=%2Fwp%2Fv2%2Fcategories&post=162335"},{"taxonomy":"post_tag","embeddable":true,"href":"https:\/\/diariodominicano.com\/index.php?rest_route=%2Fwp%2Fv2%2Ftags&post=162335"}],"curies":[{"name":"wp","href":"https:\/\/api.w.org\/{rel}","templated":true}]}}