{"id":162334,"date":"2014-08-25T18:45:35","date_gmt":"2014-08-25T18:45:35","guid":{"rendered":"http:\/\/diariodominicano.ddns.net\/?p=162334"},"modified":"2014-08-25T18:45:35","modified_gmt":"2014-08-25T18:45:35","slug":"andres-bautista-prm-no-puede-repetir-errores-del-prd","status":"publish","type":"post","link":"https:\/\/diariodominicano.com\/?p=162334","title":{"rendered":"&#13;Andr\u00e9s Bautista: PRM no puede repetir errores del PRD"},"content":{"rendered":"<p><body><\/p>\n<p><img decoding=\"async\" src=\"img3\/andres 25.jpg\" \/>  <\/p>\n<p>Santo Domingo RD 25 agosto.-  El presidente del Partido Revolucionario Mayoritario (PRM), Andr\u00e9s Bautista Garc\u00eda, dijo que esa nueva organizaci\u00f3n pol\u00edtica no puede repetir los mismos errores que provocaron la divisi\u00f3n del Partido Revolucionario Dominicano (PRD).<\/p>\n<\/p>\n<p>El dirigente pol\u00edtico se refiri\u00f3 al tema a ra\u00edz de la disputa que existe entre el expresidente Hip\u00f3lito Mej\u00eda y Luis Abinader por la candidatura presidencial por el PRM.<\/p>\n<\/p>\n<p>\u00abLo negativo ser\u00eda que nos enfrasquemos en una lucha interna donde nos vamos a desgarrar, eso no es posible porque ah\u00ed mismo morir\u00edan todas las esperanzas que hemos puesto en este partido\u00bb, expuso Bautista mientras era entrevistado en el programa \u00abEnfoque Matinal\u00bb, que se transmite por NCDN, canal 37.<\/p>\n<\/p>\n<p>Asegur\u00f3 que la dirigencia del PRM se olvid\u00f3 del PRD, dijo que est\u00e1n enfocados en trabajar por el nuevo partido porque a su entender la democracia nacional est\u00e1 en peligro, aunque muchos dominicanos no lo vean as\u00ed.<\/p>\n<\/p>\n<p>Bautista aclar\u00f3 que aparte de Mej\u00eda y Abinader, dentro del partido existen otros aspirantes a la candidatura presidencial, como Geanilda V\u00e1squez, Franklin Garc\u00eda Ferm\u00edn y Amaury Justo Duarte, quienes, seg\u00fan aspira la dirigencia, ser\u00e1n elegidos mediante un consenso.<\/p>\n<\/p>\n<p>El pasado d\u00eda 7, el vocero de Mej\u00eda, H\u00e9ctor Guzm\u00e1n, afirm\u00f3 que el expresidente ser\u00e1 el candidato del PRM para las elecciones del 2016 y que Abinader era el favorito para la candidatura vicepresidencial, mientras que el vocero de Abinader, Roberto Furcal, declar\u00f3 que \u00absolo Dios impedir\u00e1\u00bb que el excandidato vicepresidencial sea el candidato a la presidencia por la nueva organizaci\u00f3n pol\u00edtica.<\/p>\n<h6> 2014-08-25 18:45:35 <\/h6>\n<p><!--\n<link rel=\"stylesheet\" href=\"css\/bootstrap.min.css\">\n\n\n<ul class=\"pagination\">\n\t    \n\t\n\n<li >\n\t<a href='?page_no=14749'>Previous<\/a>\n\t<\/li>\n\n\n       \n    \n\n<li><a href='?page_no=1'>1<\/a><\/li>\n\n\n\n<li><a href='?page_no=2'>2<\/a><\/li>\n\n\n\n<li><a>...<\/a><\/li>\n\n\n\n<li><a href='?page_no=14748'>14748<\/a><\/li>\n\n\n\n<li><a href='?page_no=14749'>14749<\/a><\/li>\n\n\n\n<li class='active'><a>14750<\/a><\/li>\n\n\n\n<li><a href='?page_no=14751'>14751<\/a><\/li>\n\n\n\n<li><a href='?page_no=14752'>14752<\/a><\/li>\n\n\n\n<li><a>...<\/a><\/li>\n\n\n\n<li><a href='?page_no=36999'>36999<\/a><\/li>\n\n\n\n<li><a href='?page_no=37000'>37000<\/a><\/li>\n\n    \n\t\n\n<li >\n\t<a href='?page_no=14751'>Next<\/a>\n\t<\/li>\n\n\n    \n\n<li><a href='?page_no=37000'>Last &rsaquo;&rsaquo;<\/a><\/li>\n\n<\/ul>\n\n\n--><br \/>\n<\/body><\/p>\n","protected":false},"excerpt":{"rendered":"<p>Santo Domingo RD 25 agosto.- El presidente del Partido Revolucionario Mayoritario (PRM), Andr\u00e9s Bautista Garc\u00eda, dijo que esa nueva organizaci\u00f3n pol\u00edtica no puede repetir los mismos errores que provocaron la divisi\u00f3n del Partido Revolucionario Dominicano (PRD). El dirigente pol\u00edtico se refiri\u00f3 al tema a ra\u00edz de la disputa que existe entre el expresidente Hip\u00f3lito Mej\u00eda [&hellip;]<\/p>\n","protected":false},"author":3,"featured_media":0,"comment_status":"open","ping_status":"open","sticky":false,"template":"","format":"standard","meta":{"footnotes":""},"categories":[22],"tags":[],"class_list":["post-162334","post","type-post","status-publish","format-standard","hentry","category-politica"],"_links":{"self":[{"href":"https:\/\/diariodominicano.com\/index.php?rest_route=\/wp\/v2\/posts\/162334","targetHints":{"allow":["GET"]}}],"collection":[{"href":"https:\/\/diariodominicano.com\/index.php?rest_route=\/wp\/v2\/posts"}],"about":[{"href":"https:\/\/diariodominicano.com\/index.php?rest_route=\/wp\/v2\/types\/post"}],"author":[{"embeddable":true,"href":"https:\/\/diariodominicano.com\/index.php?rest_route=\/wp\/v2\/users\/3"}],"replies":[{"embeddable":true,"href":"https:\/\/diariodominicano.com\/index.php?rest_route=%2Fwp%2Fv2%2Fcomments&post=162334"}],"version-history":[{"count":0,"href":"https:\/\/diariodominicano.com\/index.php?rest_route=\/wp\/v2\/posts\/162334\/revisions"}],"wp:attachment":[{"href":"https:\/\/diariodominicano.com\/index.php?rest_route=%2Fwp%2Fv2%2Fmedia&parent=162334"}],"wp:term":[{"taxonomy":"category","embeddable":true,"href":"https:\/\/diariodominicano.com\/index.php?rest_route=%2Fwp%2Fv2%2Fcategories&post=162334"},{"taxonomy":"post_tag","embeddable":true,"href":"https:\/\/diariodominicano.com\/index.php?rest_route=%2Fwp%2Fv2%2Ftags&post=162334"}],"curies":[{"name":"wp","href":"https:\/\/api.w.org\/{rel}","templated":true}]}}