{"id":162331,"date":"2014-08-25T21:54:12","date_gmt":"2014-08-25T21:54:12","guid":{"rendered":"http:\/\/diariodominicano.ddns.net\/?p=162331"},"modified":"2014-08-25T21:54:12","modified_gmt":"2014-08-25T21:54:12","slug":"exministro-de-agricultura-luis-ramon-rodriguez-afirma-con-danilo-medina-el-pld-gana-en-primera-vuelta","status":"publish","type":"post","link":"https:\/\/diariodominicano.com\/?p=162331","title":{"rendered":"Exministro de agricultura Luis Ram\u00f3n Rodr\u00edguez afirma con Danilo Medina el PLD gana en primera vuelta"},"content":{"rendered":"<p><body><\/p>\n<p><img decoding=\"async\" src=\"img3\/ministro.jpg\" \/>  <\/p>\n<p><span class=\"text1noticias\">Santo Domingo, RD, 25 de Agosto.-El exministro de agricultura, Luis Ram\u00f3n Rodr\u00edguez asegur\u00f3 que el presidente Danilo Medina es el candidato id\u00f3neo para llevar al Partido de la Liberaci\u00f3n Dominicana (PLD) al triunfo, en la primera vuelta de los pr\u00f3ximos comicios electorales del 2016. <\/span><\/p>\n<\/p>\n<p><span class=\"text1noticias\">Rodr\u00edguez manifest\u00f3 que pol\u00edticamente tiene un compromiso con el Presidente Medina, el cual, expreso el exministro, lo ha cautivado con su visi\u00f3n.<\/span><\/p>\n<\/p>\n<p><span class=\"text1noticias\">El dirigente pol\u00edtico, y pre-candidato a senador  por  la provincia de Valverde, afirm\u00f3 que de ser Medina el candidato presidencial, el PLD obtendr\u00eda votos hasta de militantes de otros partidos.<\/span><\/p>\n<\/p>\n<p><span class=\"text1noticias\">Rodr\u00edguez se refiri\u00f3 a los vientos que soplan a favor de Leonel Fern\u00e1ndez, diciendo que el pre-candidato, busca cohesionar sus tropas. <\/span><\/p>\n<\/p>\n<p><span class=\"text1noticias\">Indic\u00f3 que el ex-presidente Fern\u00e1ndez ha sido coherente, en el sentido de que no se presentar\u00eda como pre-candidato presidencial, en caso de que el Presidente Medina tambi\u00e9n se postule.<\/span><\/p>\n<\/p>\n<p><strong><span class=\"text1noticias\">Revela las razones por las que renunci\u00f3 del Gobierno de Danilo Medina<\/span><\/strong><\/p>\n<\/p>\n<p><span class=\"text1noticias\">Revel\u00f3 las razones por las cuales present\u00f3 su renuncia al Ministerio de Agricultura entre ellas el hecho de que no ve\u00eda los cambios que se quer\u00edan ejecutar en el ministerio, lo que no le hac\u00eda sentir lo suficientemente involucrado con los designios.<\/span><\/p>\n<\/p>\n<p><span class=\"text1noticias\">Rodr\u00edguez manifest\u00f3 que otro de los motivos que lo llevaron a salir del Ministerio de Agricultura, fue la existencia de numerosos elementos que no permit\u00edan el desarrollo efectivo de los proyectos a ejecutar.<\/span><\/p>\n<\/p>\n<p><span class=\"text1noticias\">Al ser entrevistado por el periodista Salvador Holgu\u00edn en el programa Sin Cortapisa, que se transmite de lunes a viernes por Teleradio Am\u00e9rica canal 45 expres\u00f3 que el mayor motivo para abandonar el Ministerio de Agricultura, es su proyecto pol\u00edtico para lograr la senadur\u00eda de Valverde.(HG)<\/span>.<\/p>\n<\/p>\n<h6> 2014-08-25 21:54:12 <\/h6>\n<p><!--\n<link rel=\"stylesheet\" href=\"css\/bootstrap.min.css\">\n\n\n<ul class=\"pagination\">\n\t    \n\t\n\n<li >\n\t<a href='?page_no=14747'>Previous<\/a>\n\t<\/li>\n\n\n       \n    \n\n<li><a href='?page_no=1'>1<\/a><\/li>\n\n\n\n<li><a href='?page_no=2'>2<\/a><\/li>\n\n\n\n<li><a>...<\/a><\/li>\n\n\n\n<li><a href='?page_no=14746'>14746<\/a><\/li>\n\n\n\n<li><a href='?page_no=14747'>14747<\/a><\/li>\n\n\n\n<li class='active'><a>14748<\/a><\/li>\n\n\n\n<li><a href='?page_no=14749'>14749<\/a><\/li>\n\n\n\n<li><a href='?page_no=14750'>14750<\/a><\/li>\n\n\n\n<li><a>...<\/a><\/li>\n\n\n\n<li><a href='?page_no=36999'>36999<\/a><\/li>\n\n\n\n<li><a href='?page_no=37000'>37000<\/a><\/li>\n\n    \n\t\n\n<li >\n\t<a href='?page_no=14749'>Next<\/a>\n\t<\/li>\n\n\n    \n\n<li><a href='?page_no=37000'>Last &rsaquo;&rsaquo;<\/a><\/li>\n\n<\/ul>\n\n\n--><br \/>\n<\/body><\/p>\n","protected":false},"excerpt":{"rendered":"<p>Santo Domingo, RD, 25 de Agosto.-El exministro de agricultura, Luis Ram\u00f3n Rodr\u00edguez asegur\u00f3 que el presidente Danilo Medina es el candidato id\u00f3neo para llevar al Partido de la Liberaci\u00f3n Dominicana (PLD) al triunfo, en la primera vuelta de los pr\u00f3ximos comicios electorales del 2016. Rodr\u00edguez manifest\u00f3 que pol\u00edticamente tiene un compromiso con el Presidente Medina, [&hellip;]<\/p>\n","protected":false},"author":3,"featured_media":0,"comment_status":"open","ping_status":"open","sticky":false,"template":"","format":"standard","meta":{"footnotes":""},"categories":[22],"tags":[],"class_list":["post-162331","post","type-post","status-publish","format-standard","hentry","category-politica"],"_links":{"self":[{"href":"https:\/\/diariodominicano.com\/index.php?rest_route=\/wp\/v2\/posts\/162331","targetHints":{"allow":["GET"]}}],"collection":[{"href":"https:\/\/diariodominicano.com\/index.php?rest_route=\/wp\/v2\/posts"}],"about":[{"href":"https:\/\/diariodominicano.com\/index.php?rest_route=\/wp\/v2\/types\/post"}],"author":[{"embeddable":true,"href":"https:\/\/diariodominicano.com\/index.php?rest_route=\/wp\/v2\/users\/3"}],"replies":[{"embeddable":true,"href":"https:\/\/diariodominicano.com\/index.php?rest_route=%2Fwp%2Fv2%2Fcomments&post=162331"}],"version-history":[{"count":0,"href":"https:\/\/diariodominicano.com\/index.php?rest_route=\/wp\/v2\/posts\/162331\/revisions"}],"wp:attachment":[{"href":"https:\/\/diariodominicano.com\/index.php?rest_route=%2Fwp%2Fv2%2Fmedia&parent=162331"}],"wp:term":[{"taxonomy":"category","embeddable":true,"href":"https:\/\/diariodominicano.com\/index.php?rest_route=%2Fwp%2Fv2%2Fcategories&post=162331"},{"taxonomy":"post_tag","embeddable":true,"href":"https:\/\/diariodominicano.com\/index.php?rest_route=%2Fwp%2Fv2%2Ftags&post=162331"}],"curies":[{"name":"wp","href":"https:\/\/api.w.org\/{rel}","templated":true}]}}