{"id":162330,"date":"2014-08-26T06:01:22","date_gmt":"2014-08-26T06:01:22","guid":{"rendered":"http:\/\/diariodominicano.ddns.net\/?p=162330"},"modified":"2014-08-26T06:01:22","modified_gmt":"2014-08-26T06:01:22","slug":"pld-concluye-estudio-de-ley-de-partidos-respalda-construccion-plantas-a-carbon-y-felicita-al-presidente-danilo-medina-por-2do-ano-de-gestion","status":"publish","type":"post","link":"https:\/\/diariodominicano.com\/?p=162330","title":{"rendered":"PLD  concluye estudio de Ley de Partidos, respalda construcci\u00f3n plantas a carb\u00f3n y felicita al Presidente Danilo Medina por 2do a\u00f1o de gesti\u00f3n"},"content":{"rendered":"<p><body><\/p>\n<p><img decoding=\"async\" src=\"img3\/LRS_9082.JPG\" \/>  <\/p>\n<p><span class=\"text1noticias\">Santo Domingo, R. D., 26 de agosto.- El Partido de la Liberaci\u00f3n Dominicana, (PLD)  defini\u00f3 su posici\u00f3n en torno al proyecto de Ley de Partidos Pol\u00edticos, asimismo manifest\u00f3 su irrestricto respaldo a que se construyan las plantas generadoras de electricidad en Punta Catalina,  Ban\u00ed y emiti\u00f3 una nota de  felicitaci\u00f3n al gobierno y al Presidente Danilo Medina en sus dos a\u00f1os de gesti\u00f3n.<\/span><\/p>\n<p><span class=\"text1noticias\"> <\/span><\/p>\n<p><span class=\"text1noticias\">A esas  conclusiones arrib\u00f3 el Comit\u00e9 Pol\u00edtico en la reuni\u00f3n de este lunes y que concluy\u00f3 pasada la medianoche, en el sal\u00f3n Profesor Juan Bosch de la Oficina Presidencial con la presencia de 27 de sus 35 miembros con las excusas que canalizaron con antelaci\u00f3n los ocho miembros faltantes<\/span><\/p>\n<p><span class=\"text1noticias\"> <\/span><\/p>\n<p><span class=\"text1noticias\">Reinaldo Pared P\u00e9rez a nombre del Comit\u00e9 Pol\u00edtico agradeci\u00f3 la gentileza de los comunicadores y sus medios por prestar la debida atenci\u00f3n a sus reuniones y que incluso,  permanezcan bien entrada la noche para reportar a sus respectivos medios.<\/span><\/p>\n<p><span class=\"text1noticias\"> <\/span><\/p>\n<p><span class=\"text1noticias\">\u00abEntendemos que en gran medida es un nivel de sacrificio para ustedes y eso lo ponderamos\u00bb, dijo para a seguidas enfocar los puntos y temas tratados y las conclusiones a las que arrib\u00f3 el organismo, confirmando que se produjo una convocatoria  autom\u00e1tica para el pr\u00f3ximo lunes<\/span><\/p>\n<p><span class=\"text1noticias\"> <\/span><\/p>\n<p><span class=\"text1noticias\">Reinaldo Pared P\u00e9rez, secretario general,  al resumir lo tratado por el Comit\u00e9 Pol\u00edtico y estando en compa\u00f1\u00eda de Cristina Lizardo y Radham\u00e9s Camacho, inform\u00f3 que se retom\u00f3 la discusi\u00f3n sobre la Ley de Partidos Pol\u00edticos que cursa en el Congreso de la Republica y se concluy\u00f3 la lectura y discusi\u00f3n del informe presentado por una comisi\u00f3n designada por ese organismo.<\/span><\/p>\n<p><span class=\"text1noticias\"> <\/span><\/p>\n<p><span class=\"text1noticias\">\u00abEn los pr\u00f3ximos d\u00edas, despu\u00e9s de armonizar algunos aspectos de estilos, presentaremos en un documento lo que ser\u00e1 la posici\u00f3n del Partido de la Liberaci\u00f3n Dominicana sobre la Ley de  Partidos\u00bb explic\u00f3.<\/span><\/p>\n<p><span class=\"text1noticias\"> <\/span><\/p>\n<p><span class=\"text1noticias\">Inform\u00f3 que la misma comisi\u00f3n que estudi\u00f3 y rindi\u00f3 el informe, compuesta por Rafael Alburquerque, coordinador, Reinaldo Pared P\u00e9rez, Cesar Pina Toribio, Franklin Almeyda, Julio Cesar Valent\u00edn y Abel Mart\u00ednez, se reunir\u00e1 con las bancadas pelede\u00edstas en el congreso y le comunicar\u00e1n la decisi\u00f3n tomada.<\/span><\/p>\n<p><span class=\"text1noticias\"> <\/span><\/p>\n<p><span class=\"text1noticias\">\u00abEsa comisi\u00f3n  visitar\u00e1 a las bancadas del PLD en el Congreso de la Republica y les va a entregar  copias de la posici\u00f3n de la direcci\u00f3n del Partido contenida en un  documento\u00bb acot\u00f3 el Secretario General pelede\u00edsta  quien aclar\u00f3 que no estaba autorizado a ofrecer mas  detalles hasta tanto se afine el documento que se har\u00e1 valer en las discusiones en los hemiciclos.<\/span><\/p>\n<p><span class=\"text1noticias\"> <\/span><\/p>\n<p><span class=\"text1noticias\">\u00abEn otras palabras el Partido de la Liberaci\u00f3n Dominicana ha terminado con el an\u00e1lisis del Proyecto de Ley de Partidos y Agrupaciones Pol\u00edticas\u00bb  dijo Pared P\u00e9rez, sintetizando en esa frase la posici\u00f3n adoptada por el organismo de direcci\u00f3n en la reuni\u00f3n de este lunes que inici\u00f3 a las 8.27 minutos de la noche del lunes y concluy\u00f3 a las 12 y 10 horas de la madrugada del martes.<\/span><\/p>\n<p><span class=\"text1noticias\"> <\/span><\/p>\n<p><span class=\"text1noticias\">El Comit\u00e9 Pol\u00edtico del Partido de la Liberaci\u00f3n Dominicana tambi\u00e9n,  manifest\u00f3 su irrestricto apoyo a la construcci\u00f3n de las plantas el\u00e9ctricas en Punta Catalina, Ban\u00ed. Provincia Peravia, que ha sido objeto de debates en los \u00faltimos d\u00edas.<\/span><\/p>\n<p><span class=\"text1noticias\"> <\/span><\/p>\n<p><span class=\"text1noticias\">\u00abAl analizar esa problem\u00e1tica el PLD, mediante su Comit\u00e9 Pol\u00edtico, decidi\u00f3 respaldar al gobierno y al Presidente de la Republica en lo referente a la  construcci\u00f3n de las plantas\u00bb precis\u00f3 Reinaldo Pared P\u00e9rez, aludiendo as\u00ed a una decisi\u00f3n de un tribunal en materia administrativa que orden\u00f3 la suspensi\u00f3n de la licitaci\u00f3n para la instalaci\u00f3n de las dos generadoras de electricidad.<\/span><\/p>\n<p><span class=\"text1noticias\"> <\/span><\/p>\n<p><span class=\"text1noticias\">Los dos a\u00f1os de la  gesti\u00f3n de gobierno encabezado por el Presidente Danilo Medina, fue tema abordado por los 27 miembros del Comit\u00e9 Pol\u00edtico que asistieron a la reuni\u00f3n del  lunes 25 de agosto, emitiendo en ese sentido,  una nota de felicitaci\u00f3n al presidente de la Rep\u00fablica, Danilo Medina, miembro de ese organismo.<\/span><\/p>\n<p><span class=\"text1noticias\"> <\/span><\/p>\n<p><span class=\"text1noticias\">\u00abDespu\u00e9s de una evaluaci\u00f3n de la gesti\u00f3n, que ha sido bien calificada y ponderada por la poblaci\u00f3n, el Comit\u00e9 Pol\u00edtico decidi\u00f3 respaldar al gobierno y al Presidente Danilo Medina por su exitosa gesti\u00f3n que ampliamente beneficia  a la poblaci\u00f3n\u00bb precis\u00f3.<\/span><\/p>\n<p><span class=\"text1noticias\"> <\/span><\/p>\n<p><span class=\"text1noticias\">En torno a las pol\u00edticas sobre juventud aprobadas en el reci\u00e9n concluido VIII Congreso Ordinario Comandante Norge Botello y que ha dado lugar a la constituci\u00f3n de la estructura conocida como JPLD (Juventud del PLD) se design\u00f3 una comisi\u00f3n integrada por Reinaldo Pared P\u00e9rez, secretario general, Alejandrina Germ\u00e1n, Carlos Amarante Baret , Julio Cesar Valent\u00edn y Felucho Jim\u00e9nez para que, en un plazo de quince d\u00edas , armonice el contenido de las decisiones tomadas en el debate del tema juventud en las diferentes etapas del congreso ordinario.<\/span><\/p>\n<p><span class=\"text1noticias\"> <\/span><\/p>\n<p><span class=\"text1noticias\">Sobre el tema de los informes de las diferentes comisiones para aplicar las resoluciones del VIII Congreso, se comenzaron a tratar y se decidi\u00f3 continuar en el pr\u00f3ximo encuentro que qued\u00f3 convocado para el  lunes, primer d\u00eda del mes de septiembre.<\/span><\/p>\n<p><span class=\"text1noticias\"> <\/span><\/p>\n<p><span class=\"text1noticias\">\u00abAcordamos continuar esos puntos en la reuni\u00f3n convocada para el pr\u00f3ximo l<\/span>unes\u00bb concluy\u00f3.<\/p>\n<h6> 2014-08-26 06:01:22 <\/h6>\n<p><!--\n<link rel=\"stylesheet\" href=\"css\/bootstrap.min.css\">\n\n\n<ul class=\"pagination\">\n\t    \n\t\n\n<li >\n\t<a href='?page_no=14746'>Previous<\/a>\n\t<\/li>\n\n\n       \n    \n\n<li><a href='?page_no=1'>1<\/a><\/li>\n\n\n\n<li><a href='?page_no=2'>2<\/a><\/li>\n\n\n\n<li><a>...<\/a><\/li>\n\n\n\n<li><a href='?page_no=14745'>14745<\/a><\/li>\n\n\n\n<li><a href='?page_no=14746'>14746<\/a><\/li>\n\n\n\n<li class='active'><a>14747<\/a><\/li>\n\n\n\n<li><a href='?page_no=14748'>14748<\/a><\/li>\n\n\n\n<li><a href='?page_no=14749'>14749<\/a><\/li>\n\n\n\n<li><a>...<\/a><\/li>\n\n\n\n<li><a href='?page_no=36999'>36999<\/a><\/li>\n\n\n\n<li><a href='?page_no=37000'>37000<\/a><\/li>\n\n    \n\t\n\n<li >\n\t<a href='?page_no=14748'>Next<\/a>\n\t<\/li>\n\n\n    \n\n<li><a href='?page_no=37000'>Last &rsaquo;&rsaquo;<\/a><\/li>\n\n<\/ul>\n\n\n--><br \/>\n<\/body><\/p>\n","protected":false},"excerpt":{"rendered":"<p>Santo Domingo, R. D., 26 de agosto.- El Partido de la Liberaci\u00f3n Dominicana, (PLD) defini\u00f3 su posici\u00f3n en torno al proyecto de Ley de Partidos Pol\u00edticos, asimismo manifest\u00f3 su irrestricto respaldo a que se construyan las plantas generadoras de electricidad en Punta Catalina, Ban\u00ed y emiti\u00f3 una nota de felicitaci\u00f3n al gobierno y al Presidente [&hellip;]<\/p>\n","protected":false},"author":3,"featured_media":0,"comment_status":"open","ping_status":"open","sticky":false,"template":"","format":"standard","meta":{"footnotes":""},"categories":[22],"tags":[],"class_list":["post-162330","post","type-post","status-publish","format-standard","hentry","category-politica"],"_links":{"self":[{"href":"https:\/\/diariodominicano.com\/index.php?rest_route=\/wp\/v2\/posts\/162330","targetHints":{"allow":["GET"]}}],"collection":[{"href":"https:\/\/diariodominicano.com\/index.php?rest_route=\/wp\/v2\/posts"}],"about":[{"href":"https:\/\/diariodominicano.com\/index.php?rest_route=\/wp\/v2\/types\/post"}],"author":[{"embeddable":true,"href":"https:\/\/diariodominicano.com\/index.php?rest_route=\/wp\/v2\/users\/3"}],"replies":[{"embeddable":true,"href":"https:\/\/diariodominicano.com\/index.php?rest_route=%2Fwp%2Fv2%2Fcomments&post=162330"}],"version-history":[{"count":0,"href":"https:\/\/diariodominicano.com\/index.php?rest_route=\/wp\/v2\/posts\/162330\/revisions"}],"wp:attachment":[{"href":"https:\/\/diariodominicano.com\/index.php?rest_route=%2Fwp%2Fv2%2Fmedia&parent=162330"}],"wp:term":[{"taxonomy":"category","embeddable":true,"href":"https:\/\/diariodominicano.com\/index.php?rest_route=%2Fwp%2Fv2%2Fcategories&post=162330"},{"taxonomy":"post_tag","embeddable":true,"href":"https:\/\/diariodominicano.com\/index.php?rest_route=%2Fwp%2Fv2%2Ftags&post=162330"}],"curies":[{"name":"wp","href":"https:\/\/api.w.org\/{rel}","templated":true}]}}