{"id":162329,"date":"2014-08-26T15:12:16","date_gmt":"2014-08-26T15:12:16","guid":{"rendered":"http:\/\/diariodominicano.ddns.net\/?p=162329"},"modified":"2014-08-26T15:12:16","modified_gmt":"2014-08-26T15:12:16","slug":"andres-bautista-pld-no-quiere-apoyar-ley-de-partidos-porque-quiere-manos-libres","status":"publish","type":"post","link":"https:\/\/diariodominicano.com\/?p=162329","title":{"rendered":"Andr\u00e9s Bautista: PLD no quiere apoyar Ley de Partidos porque quiere \u00abmanos libres\u00bb"},"content":{"rendered":"<p><body><\/p>\n<p><img decoding=\"async\" src=\"img3\/andres 26.jpg\" \/>  <\/p>\n<\/p>\n<p>26\/8\/2014<\/p>\n<\/p>\n<p>Para usar el dinero del Estado en favor de sus candidatos<\/p>\n<p>Andr\u00e9s Bautista: PLD no quiere apoyar Ley de Partidos porque quiere \u00abmanos libres\u00bb<\/p>\n<\/p>\n<p>El doctor Andr\u00e9s Bautista Garc\u00eda, Presidente del Partido Revolucionario Mayoritario ( PRM) afirm\u00f3 que el Partido de la Liberaci\u00f3n Dominicana (PLD)  controla casi total el Congreso Nacional , pero no quiere apoyar la Ley de Partidos Pol\u00edticos y la del R\u00e9gimen Electoral, porque as\u00ed logran mantenerse con las \u00bb manos sueltas\u00bb  en el gasto del dinero p\u00fablico en campa\u00f1a a favor de sus candidatos locales y nacionales. <\/p>\n<\/p>\n<p>Acus\u00f3 al partido de gobierno de procurar  la liquidaci\u00f3n  del sistema de partidos en Rep\u00fablica Dominicana, con su antidemocr\u00e1tica intenci\u00f3n de perpetuarse en el poder,  para lo que tiene adherido al gobierno  a varios de estos  y en otros, como en el PRD,  se entromete en sus asuntos internos,  con la intenci\u00f3n de establecerse como  el partido \u00fanico, anunciando que  durar\u00e1n m\u00e1s de 40 a\u00f1os en el poder, lo que representa un grave peligro para la verdadera democracia.<\/p>\n<\/p>\n<p>El tambi\u00e9n ex presidente del Senado dijo que el gobierno de Danilo Medina ha aumentado la n\u00f3mina p\u00fablica para premiar el clientelismo y los favores pol\u00edticos, pagados con dinero del pueblo, utiliz\u00e1ndolos para  apoyar  el falso liderazgo de los dirigentes locales  y nacionales del  PLD, y as\u00ed imponerse contra los candidatos contrarios, y a veces, contra sus propios compa\u00f1eros. .<\/p>\n<\/p>\n<p>\u00abEstamos dando un mal ejemplo a los j\u00f3venes y nuevo valores, dici\u00e9ndoles que el trabajo no es la v\u00eda para lograr el bienestar, sino la vida f\u00e1cil, la corrupci\u00f3n, principalmente inducida por el Estado\u00bb, dijo.<\/p>\n<\/p>\n<p>Manifest\u00f3 que existen senadores, que por falta de regulaci\u00f3n de las campa\u00f1as, mediante una Ley de partidos,  le han costado al pa\u00eds, hasta  2 mil millones de pesos del Estado,.<\/p>\n<\/p>\n<p>\u00abEn estos momentos, bajo la direcci\u00f3n del PLD, lo han dicho ellos, el l\u00edder no es quien m\u00e1s piense y trabaje por el pueblo, por los valores y el desarrollo del pa\u00eds, sino quien maneje m\u00e1s dinero del Estado, y quien pueda invertir m\u00e1s dinero sin justificar su origen, matando el desarrollo del liderazgo sano y de personas  bien intencionadas\u00bb, enfatiz\u00f3 el Presidente del PRM.<\/p>\n<\/p>\n<p>Gobierno de Danilo es mas de lo mismo.<\/p>\n<\/p>\n<p>Resalt\u00f3 que el gobierno de Danilo Medina  es mas de lo mismo, es el mismo  PLD, gobernado por su Comit\u00e9 Pol\u00edtico,  con la misma pol\u00edtica de gastos  injustificados, la misma pol\u00edtica econ\u00f3mica,  la misma pol\u00edtica de n\u00f3mina supernumeraria para el clientelismo pol\u00edtico.<\/p>\n<\/p>\n<p>Manifest\u00f3 que la salud y la seguridad social en el pa\u00eds han colapsado en el gobierno de peledeista, y el Presidente Danilo Medina contin\u00faa con ese mismo esquema, soportado en una inmensa maquinaria comunicacional para transformar en realidad  el  \u00aballante y movimiento\u00bb llev\u00e1ndole a la poblaci\u00f3n mentiras por verdades.<\/p>\n<\/p>\n<p>Cit\u00f3 el caso de la agropecuaria , cuyo  presupuesto del 2013 fue de 12 mil millones,  mientras que para el a\u00f1o  2014 es de  8 mil millones,  demostrando que no le interesa la protecci\u00f3n al campo, que sus viajes son solo para la prensa, ya que no tienen una planificaci\u00f3n de la producci\u00f3n  y el desarrollo de los sectores productivos.<\/p>\n<\/p>\n<p>Expres\u00f3 que en la educaci\u00f3n se hablaba de 10 mil aulas por a\u00f1o y ya vamos  para septiembre del  2014  y solo se han construido 8 mil en dos a\u00f1os, porque todo se hace sin un plan, como el Decenal de Educaci\u00f3n, aprobado, pero que guardado .<\/p>\n<\/p>\n<p> Tampoco se piensa en la Ley de Estrategia Nacional de Desarrollo, la cual debi\u00f3 marcar el accionar del gobierno, pero  no les convienen, porque rompe con la estrategia del clientelismo. Todo es improvisado para justificar medidas que solo se ven en los medios de comunicaci\u00f3n.<\/p>\n<\/p>\n<p>Manifest\u00f3 que la seguridad ciudadana  es m\u00e1s precaria  que nunca, el pueblo est\u00e1 menos protegido hoy, citando como ejemplo, que el jefe de la polic\u00eda nacional confirm\u00f3  que la delincuencia lo arrop\u00f3, lo venci\u00f3, una confesi\u00f3n  clara de lo ineficaz que ha sido este gobierno en el manejo de la seguridad p\u00fablica.<\/p>\n<\/p>\n<p>\u00abTenemos una justicia en peores condiciones, con m\u00e1s del 80 por ciento de la poblaci\u00f3n que asegura no creer en ella,  tenemos mas impuestos, combustibles m\u00e1s caros, no hay dinero en la calle, alimentos m\u00e1s caros, menos empleos, una sociedad con menor capacidad de compra\u00bb. Dijo<\/p>\n<\/p>\n<p>Ve normal aspiraciones en el PRM<\/p>\n<\/p>\n<p>Con relaci\u00f3n a los escarceos de los precandidatos del PRM consider\u00f3  como  normal que existan aspiraciones  en una organizaci\u00f3n que cuenta con dirigentes apreciados  por la poblaci\u00f3n con grandes condiciones presidenciales c como son Hip\u00f3lito Mej\u00eda, Luis Abinader, Geanilda V\u00e1squez, Franklin Garc\u00eda Ferm\u00edn,  Amaury Justo Duarte, entre otros,.<\/p>\n<\/p>\n<p>Dijo que, lo que hay  que garantizar, es que su escogencia sea mediante m\u00e9todos democr\u00e1ticos y transparentes que nos distancien de las dictaduras que dentro de algunos partidos imperan en este momento.<\/p>\n<\/p>\n<p>Reiter\u00f3 la garant\u00eda que entre estos precandidatos no habr\u00e1 problemas, ni antes ni despu\u00e9s de la elecci\u00f3n, porque todos est\u00e1n de acuerdo que el PRM es el \u00fanico espacio que tiene la poblaci\u00f3n para encaminar sus ans\u00edas de detener al PLD y el deterioro que este le infiere a la democracia dominicana.<\/p>\n<\/p>\n<p>La disciplina.<\/p>\n<\/p>\n<p>Anunci\u00f3 que  en los pr\u00f3ximos d\u00edas se definir\u00e1 el r\u00e9gimen disciplinario del PRM, garantizando que, quien no la respete, no se considera de ese partido ni est\u00e1 en condiciones de coadyuvar  para derrotar la corporaci\u00f3n pol\u00edtico-financiera del PLD en el poder.<\/p>\n<\/p>\n<p>Reiter\u00f3 que en Rep\u00fablica Dominicana, la democracia est\u00e1 en peligro, con una justicia y unos organismos electorales,  que el 80 por ciento del pueblo no cree en ellos, no existen una instituci\u00f3n p\u00fablica funcional, con la intenci\u00f3n expresa del PLD de destruir el Sistema de partidos.<\/p>\n<\/p>\n<p>\u00abPara hablar de democracia se tiene que hablar de un sistema de partidos funcionales,  destacando que en el  pa\u00eds, solo el PRM est\u00e1 como partido desligado de los resortes del poder\u00bb. Finaliz\u00f3 Bautista.<\/p>\n<\/p>\n<h6> 2014-08-26 15:12:16 <\/h6>\n<p><!--\n<link rel=\"stylesheet\" href=\"css\/bootstrap.min.css\">\n\n\n<ul class=\"pagination\">\n\t    \n\t\n\n<li >\n\t<a href='?page_no=14745'>Previous<\/a>\n\t<\/li>\n\n\n       \n    \n\n<li><a href='?page_no=1'>1<\/a><\/li>\n\n\n\n<li><a href='?page_no=2'>2<\/a><\/li>\n\n\n\n<li><a>...<\/a><\/li>\n\n\n\n<li><a href='?page_no=14744'>14744<\/a><\/li>\n\n\n\n<li><a href='?page_no=14745'>14745<\/a><\/li>\n\n\n\n<li class='active'><a>14746<\/a><\/li>\n\n\n\n<li><a href='?page_no=14747'>14747<\/a><\/li>\n\n\n\n<li><a href='?page_no=14748'>14748<\/a><\/li>\n\n\n\n<li><a>...<\/a><\/li>\n\n\n\n<li><a href='?page_no=36999'>36999<\/a><\/li>\n\n\n\n<li><a href='?page_no=37000'>37000<\/a><\/li>\n\n    \n\t\n\n<li >\n\t<a href='?page_no=14747'>Next<\/a>\n\t<\/li>\n\n\n    \n\n<li><a href='?page_no=37000'>Last &rsaquo;&rsaquo;<\/a><\/li>\n\n<\/ul>\n\n\n--><br \/>\n<\/body><\/p>\n","protected":false},"excerpt":{"rendered":"<p>26\/8\/2014 Para usar el dinero del Estado en favor de sus candidatos Andr\u00e9s Bautista: PLD no quiere apoyar Ley de Partidos porque quiere \u00abmanos libres\u00bb El doctor Andr\u00e9s Bautista Garc\u00eda, Presidente del Partido Revolucionario Mayoritario ( PRM) afirm\u00f3 que el Partido de la Liberaci\u00f3n Dominicana (PLD) controla casi total el Congreso Nacional , pero no [&hellip;]<\/p>\n","protected":false},"author":3,"featured_media":0,"comment_status":"open","ping_status":"open","sticky":false,"template":"","format":"standard","meta":{"footnotes":""},"categories":[22],"tags":[],"class_list":["post-162329","post","type-post","status-publish","format-standard","hentry","category-politica"],"_links":{"self":[{"href":"https:\/\/diariodominicano.com\/index.php?rest_route=\/wp\/v2\/posts\/162329","targetHints":{"allow":["GET"]}}],"collection":[{"href":"https:\/\/diariodominicano.com\/index.php?rest_route=\/wp\/v2\/posts"}],"about":[{"href":"https:\/\/diariodominicano.com\/index.php?rest_route=\/wp\/v2\/types\/post"}],"author":[{"embeddable":true,"href":"https:\/\/diariodominicano.com\/index.php?rest_route=\/wp\/v2\/users\/3"}],"replies":[{"embeddable":true,"href":"https:\/\/diariodominicano.com\/index.php?rest_route=%2Fwp%2Fv2%2Fcomments&post=162329"}],"version-history":[{"count":0,"href":"https:\/\/diariodominicano.com\/index.php?rest_route=\/wp\/v2\/posts\/162329\/revisions"}],"wp:attachment":[{"href":"https:\/\/diariodominicano.com\/index.php?rest_route=%2Fwp%2Fv2%2Fmedia&parent=162329"}],"wp:term":[{"taxonomy":"category","embeddable":true,"href":"https:\/\/diariodominicano.com\/index.php?rest_route=%2Fwp%2Fv2%2Fcategories&post=162329"},{"taxonomy":"post_tag","embeddable":true,"href":"https:\/\/diariodominicano.com\/index.php?rest_route=%2Fwp%2Fv2%2Ftags&post=162329"}],"curies":[{"name":"wp","href":"https:\/\/api.w.org\/{rel}","templated":true}]}}