{"id":162328,"date":"2014-08-26T17:53:21","date_gmt":"2014-08-26T17:53:21","guid":{"rendered":"http:\/\/diariodominicano.ddns.net\/?p=162328"},"modified":"2014-08-26T17:53:21","modified_gmt":"2014-08-26T17:53:21","slug":"ramon-alburquerque-califica-de-intolerancia-oposicion-a-construccion-plantas-a-carbon","status":"publish","type":"post","link":"https:\/\/diariodominicano.com\/?p=162328","title":{"rendered":"Ram\u00f3n Alburquerque califica de \u00abintolerancia\u00bb oposici\u00f3n a construcci\u00f3n plantas a carb\u00f3n"},"content":{"rendered":"<p><body><\/p>\n<p><img decoding=\"async\" src=\"img3\/ramon 26.jpg\" \/>  <\/p>\n<p>Santo Domingo RD 26 agosto.- El expresidente del Senado de la Rep\u00fablica, Ram\u00f3n Alburquerque, calific\u00f3 de intolerancia  la oposici\u00f3n de diversos sectores econ\u00f3micos y sociales del pa\u00eds, a la construcci\u00f3n de plantas a carb\u00f3n iniciadas por el Gobierno, tras afirmar que cumplir\u00e1n con todos los est\u00e1ndares que demandan los organismos internacionales.<\/p>\n<\/p>\n<p>El especialista en materia de energ\u00eda asegur\u00f3 que todos los partidos pol\u00edticos est\u00e1n de acuerdo con la construcci\u00f3n de las dos plantas el\u00e9ctricas, \u00abporque las mismas son muy necesarias para el desarrollo energ\u00e9tico que demanda el pa\u00eds\u00bb.<\/p>\n<\/p>\n<p>Exhort\u00f3 al Gobierno del presidente Danilo Medina, a realizar la emisi\u00f3n de dos mil millones de d\u00f3lares en bonos, para colocarlos en los mercados internacionales y as\u00ed poder obtener el financiamiento de las plantas. A\u00f1adi\u00f3 que de lo contrario seguir\u00e1 el d\u00e9ficit en el suministro el\u00e9ctrico.<\/p>\n<\/p>\n<p>Al participar en el programa Revista 110, bajo la conducci\u00f3n del doctor Julio Hazim y el periodista Rafael Grull\u00f3n, elexadministrador de la Refiner\u00eda Dominicana de Petr\u00f3leo, indic\u00f3 que las autoridades actuales no pueden  seguir gastando, anualmente, m\u00e1s de mil 300 millones de d\u00f3lares en pago de d\u00e9ficit de energ\u00eda a la  distribuidoras.<\/p>\n<\/p>\n<p>El especialista en materia de energ\u00eda dijo que las autoridades est\u00e1n obligadas a seguir expandiendo las redes del sistema con la construcci\u00f3n de dos nueva plantas adicionales a la que se construye en la provincia Peravia.<\/p>\n<\/p>\n<p>Alburquerque invit\u00f3 a los sectores empresariales a que se unan al proyecto de construcci\u00f3n de las plantas a carb\u00f3n, \u00abporque hay que tener una actitud pro-positiva en beneficio del pa\u00eds\u00bb.<\/p>\n<h6> 2014-08-26 17:53:21 <\/h6>\n<p><!--\n<link rel=\"stylesheet\" href=\"css\/bootstrap.min.css\">\n\n\n<ul class=\"pagination\">\n\t    \n\t\n\n<li >\n\t<a href='?page_no=14744'>Previous<\/a>\n\t<\/li>\n\n\n       \n    \n\n<li><a href='?page_no=1'>1<\/a><\/li>\n\n\n\n<li><a href='?page_no=2'>2<\/a><\/li>\n\n\n\n<li><a>...<\/a><\/li>\n\n\n\n<li><a href='?page_no=14743'>14743<\/a><\/li>\n\n\n\n<li><a href='?page_no=14744'>14744<\/a><\/li>\n\n\n\n<li class='active'><a>14745<\/a><\/li>\n\n\n\n<li><a href='?page_no=14746'>14746<\/a><\/li>\n\n\n\n<li><a href='?page_no=14747'>14747<\/a><\/li>\n\n\n\n<li><a>...<\/a><\/li>\n\n\n\n<li><a href='?page_no=36999'>36999<\/a><\/li>\n\n\n\n<li><a href='?page_no=37000'>37000<\/a><\/li>\n\n    \n\t\n\n<li >\n\t<a href='?page_no=14746'>Next<\/a>\n\t<\/li>\n\n\n    \n\n<li><a href='?page_no=37000'>Last &rsaquo;&rsaquo;<\/a><\/li>\n\n<\/ul>\n\n\n--><br \/>\n<\/body><\/p>\n","protected":false},"excerpt":{"rendered":"<p>Santo Domingo RD 26 agosto.- El expresidente del Senado de la Rep\u00fablica, Ram\u00f3n Alburquerque, calific\u00f3 de intolerancia la oposici\u00f3n de diversos sectores econ\u00f3micos y sociales del pa\u00eds, a la construcci\u00f3n de plantas a carb\u00f3n iniciadas por el Gobierno, tras afirmar que cumplir\u00e1n con todos los est\u00e1ndares que demandan los organismos internacionales. El especialista en materia [&hellip;]<\/p>\n","protected":false},"author":3,"featured_media":0,"comment_status":"open","ping_status":"open","sticky":false,"template":"","format":"standard","meta":{"footnotes":""},"categories":[22],"tags":[],"class_list":["post-162328","post","type-post","status-publish","format-standard","hentry","category-politica"],"_links":{"self":[{"href":"https:\/\/diariodominicano.com\/index.php?rest_route=\/wp\/v2\/posts\/162328","targetHints":{"allow":["GET"]}}],"collection":[{"href":"https:\/\/diariodominicano.com\/index.php?rest_route=\/wp\/v2\/posts"}],"about":[{"href":"https:\/\/diariodominicano.com\/index.php?rest_route=\/wp\/v2\/types\/post"}],"author":[{"embeddable":true,"href":"https:\/\/diariodominicano.com\/index.php?rest_route=\/wp\/v2\/users\/3"}],"replies":[{"embeddable":true,"href":"https:\/\/diariodominicano.com\/index.php?rest_route=%2Fwp%2Fv2%2Fcomments&post=162328"}],"version-history":[{"count":0,"href":"https:\/\/diariodominicano.com\/index.php?rest_route=\/wp\/v2\/posts\/162328\/revisions"}],"wp:attachment":[{"href":"https:\/\/diariodominicano.com\/index.php?rest_route=%2Fwp%2Fv2%2Fmedia&parent=162328"}],"wp:term":[{"taxonomy":"category","embeddable":true,"href":"https:\/\/diariodominicano.com\/index.php?rest_route=%2Fwp%2Fv2%2Fcategories&post=162328"},{"taxonomy":"post_tag","embeddable":true,"href":"https:\/\/diariodominicano.com\/index.php?rest_route=%2Fwp%2Fv2%2Ftags&post=162328"}],"curies":[{"name":"wp","href":"https:\/\/api.w.org\/{rel}","templated":true}]}}