{"id":162326,"date":"2014-08-26T18:03:00","date_gmt":"2014-08-26T18:03:00","guid":{"rendered":"http:\/\/diariodominicano.ddns.net\/?p=162326"},"modified":"2014-08-26T18:03:00","modified_gmt":"2014-08-26T18:03:00","slug":"leonel-y-abinader-serian-los-candidatos-presidenciales-para-el-2016-si-danilo-no-va","status":"publish","type":"post","link":"https:\/\/diariodominicano.com\/?p=162326","title":{"rendered":"Leonel y Abinader ser\u00edan los candidatos presidenciales para el 2016, si Danilo no va"},"content":{"rendered":"<p><body><\/p>\n<p><img decoding=\"async\" src=\"img3\/ambos 26.jpg\" \/>  <\/p>\n<p>Santo Domingo RD 26 agosto.- El ex presidente de la Rep\u00fablica, doctor Leonel Fern\u00e1ndez  del Partido de la Liberaci\u00f3n Dominicana y el licenciado Luis Abinader del Partido Revolucionario Mayoritario, ser\u00edan los candidatos presidenciales a enfrentarse en la contienda electoral del 2016 si el presidente Medina no opta por la repostulaci\u00f3n, seg\u00fan la Firma Encuestadora Global Marketing Publicidad en su segunda parte de publicaci\u00f3n.<\/p>\n<\/p>\n<p>En el escenario de que fuera el Ex Presidente Leonel Fern\u00e1ndez y Luis Abinader los candidatos presidenciales, el ex mandatario ganar\u00eda con un 46 por ciento y Luis Abinader un 43.5% de los votantes.<\/p>\n<\/p>\n<p>En el escenario que fueran los candidatos Leonel Fern\u00e1ndez Reina e Hip\u00f3lito Mej\u00eda Dom\u00ednguez, el Presidente del PLD superar\u00eda 49% a 38% de Hip\u00f3lito Mej\u00eda. Ambos escenarios demuestra que habr\u00eda una segunda vuelta.<\/p>\n<\/p>\n<p>La firma encuestadora Global Marketing Publicidad tambi\u00e9n investig\u00f3 el escenario entre Leonel Fern\u00e1ndez y Miguel Vargas Maldonado del PRD  y el primero ganar\u00eda en primera vuelta con un 53% a 22 por ciento de Miguel Vargas Maldonado.<\/p>\n<\/p>\n<p>Los entrevistados fueron cuestionados por partidos pol\u00edticos y los resultados son los siguientes: PLD 52%; seguido PRM con 28%; PRD 17%, PRSC 2.3%; otros 0.7%.<\/p>\n<\/p>\n<p>En torno a los aspirantes a la candidatura presidencial por el Partido de la Liberaci\u00f3n Dominicana los resultados son los siguientes seg\u00fan Global Marketing Publicidad:<\/p>\n<\/p>\n<p>Leonel Fern\u00e1ndez Reina 48.3%<\/p>\n<\/p>\n<p> Francisco Javier Garc\u00eda 15.9%<\/p>\n<\/p>\n<p>Margarita Cede\u00f1o de Fern\u00e1ndez 13.7%<\/p>\n<\/p>\n<p>Reinaldo Pared P\u00e9rez 12.7%<\/p>\n<\/p>\n<p>Temistocles Montas 2.1% Radhames Segura 1.2%<\/p>\n<\/p>\n<p>No saben 6.1%<\/p>\n<\/p>\n<p> En torno a los aspirantes a la candidatura presidencial por el Partido Revolucionario Mayoritario seg\u00fan los resultados de Global Marketing Publicidad son los siguientes:<\/p>\n<\/p>\n<p>Licenciado Luis Abinader con el 51.8 por ciento de la simpat\u00eda frente al 44.6 del ex presidente Hip\u00f3lito Mej\u00eda Dom\u00ednguez, mientras los que no saben si votaran esta el 3.6% de los encuestados. <\/p>\n<\/p>\n<p>El sondeo realizado del 18 al 21 de Agosto entre 1,200 personas, repartidas en las Zonas Urbanas y Rurales de manera proporcional a su densidad poblacional, la muestra fue probabil\u00edstica en todas sus etapas, seleccionando al azar las viviendas y los entrevistados, el estudio tiene un nivel de confianza de un 95% y un error muestral de  +   2.8%.<\/p>\n<\/p>\n<h6> 2014-08-26 18:03:00 <\/h6>\n<p><!--\n<link rel=\"stylesheet\" href=\"css\/bootstrap.min.css\">\n\n\n<ul class=\"pagination\">\n\t    \n\t\n\n<li >\n\t<a href='?page_no=14742'>Previous<\/a>\n\t<\/li>\n\n\n       \n    \n\n<li><a href='?page_no=1'>1<\/a><\/li>\n\n\n\n<li><a href='?page_no=2'>2<\/a><\/li>\n\n\n\n<li><a>...<\/a><\/li>\n\n\n\n<li><a href='?page_no=14741'>14741<\/a><\/li>\n\n\n\n<li><a href='?page_no=14742'>14742<\/a><\/li>\n\n\n\n<li class='active'><a>14743<\/a><\/li>\n\n\n\n<li><a href='?page_no=14744'>14744<\/a><\/li>\n\n\n\n<li><a href='?page_no=14745'>14745<\/a><\/li>\n\n\n\n<li><a>...<\/a><\/li>\n\n\n\n<li><a href='?page_no=36999'>36999<\/a><\/li>\n\n\n\n<li><a href='?page_no=37000'>37000<\/a><\/li>\n\n    \n\t\n\n<li >\n\t<a href='?page_no=14744'>Next<\/a>\n\t<\/li>\n\n\n    \n\n<li><a href='?page_no=37000'>Last &rsaquo;&rsaquo;<\/a><\/li>\n\n<\/ul>\n\n\n--><br \/>\n<\/body><\/p>\n","protected":false},"excerpt":{"rendered":"<p>Santo Domingo RD 26 agosto.- El ex presidente de la Rep\u00fablica, doctor Leonel Fern\u00e1ndez del Partido de la Liberaci\u00f3n Dominicana y el licenciado Luis Abinader del Partido Revolucionario Mayoritario, ser\u00edan los candidatos presidenciales a enfrentarse en la contienda electoral del 2016 si el presidente Medina no opta por la repostulaci\u00f3n, seg\u00fan la Firma Encuestadora Global [&hellip;]<\/p>\n","protected":false},"author":3,"featured_media":0,"comment_status":"open","ping_status":"open","sticky":false,"template":"","format":"standard","meta":{"footnotes":""},"categories":[22],"tags":[],"class_list":["post-162326","post","type-post","status-publish","format-standard","hentry","category-politica"],"_links":{"self":[{"href":"https:\/\/diariodominicano.com\/index.php?rest_route=\/wp\/v2\/posts\/162326","targetHints":{"allow":["GET"]}}],"collection":[{"href":"https:\/\/diariodominicano.com\/index.php?rest_route=\/wp\/v2\/posts"}],"about":[{"href":"https:\/\/diariodominicano.com\/index.php?rest_route=\/wp\/v2\/types\/post"}],"author":[{"embeddable":true,"href":"https:\/\/diariodominicano.com\/index.php?rest_route=\/wp\/v2\/users\/3"}],"replies":[{"embeddable":true,"href":"https:\/\/diariodominicano.com\/index.php?rest_route=%2Fwp%2Fv2%2Fcomments&post=162326"}],"version-history":[{"count":0,"href":"https:\/\/diariodominicano.com\/index.php?rest_route=\/wp\/v2\/posts\/162326\/revisions"}],"wp:attachment":[{"href":"https:\/\/diariodominicano.com\/index.php?rest_route=%2Fwp%2Fv2%2Fmedia&parent=162326"}],"wp:term":[{"taxonomy":"category","embeddable":true,"href":"https:\/\/diariodominicano.com\/index.php?rest_route=%2Fwp%2Fv2%2Fcategories&post=162326"},{"taxonomy":"post_tag","embeddable":true,"href":"https:\/\/diariodominicano.com\/index.php?rest_route=%2Fwp%2Fv2%2Ftags&post=162326"}],"curies":[{"name":"wp","href":"https:\/\/api.w.org\/{rel}","templated":true}]}}