{"id":162325,"date":"2014-08-26T18:35:53","date_gmt":"2014-08-26T18:35:53","guid":{"rendered":"http:\/\/diariodominicano.ddns.net\/?p=162325"},"modified":"2014-08-26T18:35:53","modified_gmt":"2014-08-26T18:35:53","slug":"rafael-alburquerque-entiende-es-de-justicia-reajuste-general-de-salarios","status":"publish","type":"post","link":"https:\/\/diariodominicano.com\/?p=162325","title":{"rendered":"&#13;&#13;Rafael Alburquerque entiende  es de justicia reajuste general de salarios"},"content":{"rendered":"<p><body><\/p>\n<p><img decoding=\"async\" src=\"img3\/rafael.jpg\" \/><br \/><img decoding=\"async\" src=\"img3\/Rafelito.jpg.jpg\" \/>  <\/p>\n<p><span class=\"text1noticias\"> <\/span><\/p>\n<p><span class=\"text1noticias\"> <\/span><\/p>\n<p><span class=\"text1noticias\">Santo Domingo, RD, 26 de agosto.- El ex vicepresidente de la Rep\u00fablica y miembro del Comit\u00e9 Pol\u00edtico del Partido de la Liberaci\u00f3n Dominicana, Rafael Alburquerque, favoreci\u00f3 un aumento salarial para los trabajadores porque con  los niveles  actuales,  no se puede vivir.<\/span><\/p>\n<p><span class=\"text1noticias\"> <\/span><\/p>\n<p><span class=\"text1noticias\">Rafael Alburquerque refiri\u00f3 que se inscribe en la l\u00ednea de trabajo del presidente Danilo Medina, quien ha dicho que es necesario aumentar los salarios en la Rep\u00fablica Dominicana.<\/span><\/p>\n<p><span class=\"text1noticias\"> <\/span><\/p>\n<p><span class=\"text1noticias\">\u00abCon 10 mil pesos nadie vive. El 68 por ciento de los trabajadores del sector formal ganan menos de 10 pesos y el 83% de los trabajadores del sector informal ganan menos de 15 pesos\u00bb, dijo Alburquerque, entrevistado en el programa El Gobierno de la Ma\u00f1ana, rese\u00f1ado en un reporte de prensa del PLD.<\/span><\/p>\n<p><span class=\"text1noticias\"> <\/span><\/p>\n<p><span class=\"text1noticias\">El experto en asuntos laborales expres\u00f3 que por esa raz\u00f3n el Banco Central  ha dicho que el sector informal de la econom\u00eda ha venido creciendo, puesto que se gana m\u00e1s y se trabaja menos y que en cambio en el formal hay que trabajar ocho horas diarias.<\/span><\/p>\n<p><span class=\"text1noticias\"> <\/span><\/p>\n<p><span class=\"text1noticias\">Alburquerque consider\u00f3 que as\u00ed como en el pa\u00eds se requiere de un pacto fiscal, educativo y el\u00e9ctrico, de igual manera se requiere de un pacto salarial.<\/span><\/p>\n<p><span class=\"text1noticias\"> <\/span><\/p>\n<p><span class=\"text1noticias\">\u00abPorque al ganar m\u00e1s los trabajadores tienen mayor demanda de bienes y servicios y por consiguiente se benefician los trabajadores y los propios empresarios que van a vender m\u00e1s\u00bb, explic\u00f3.<\/span><\/p>\n<p><span class=\"text1noticias\"> <\/span><\/p>\n<p><span class=\"text1noticias\">El exsecretario de Trabajo se mostr\u00f3 en desacuerdo con que se cercenen las conquistas logradas por los trabajadores dominicanos, especialmente a partir del a\u00f1o 1992. \u00abCreo en la concertaci\u00f3n, no me opongo a ella, pero debe ser una concertaci\u00f3n con la finalidad de mejorar las condiciones de trabajo\u00bb<\/span><\/p>\n<\/p>\n<\/p>\n<h6> 2014-08-26 18:35:53 <\/h6>\n<p><!--\n<link rel=\"stylesheet\" href=\"css\/bootstrap.min.css\">\n\n\n<ul class=\"pagination\">\n\t    \n\t\n\n<li >\n\t<a href='?page_no=14741'>Previous<\/a>\n\t<\/li>\n\n\n       \n    \n\n<li><a href='?page_no=1'>1<\/a><\/li>\n\n\n\n<li><a href='?page_no=2'>2<\/a><\/li>\n\n\n\n<li><a>...<\/a><\/li>\n\n\n\n<li><a href='?page_no=14740'>14740<\/a><\/li>\n\n\n\n<li><a href='?page_no=14741'>14741<\/a><\/li>\n\n\n\n<li class='active'><a>14742<\/a><\/li>\n\n\n\n<li><a href='?page_no=14743'>14743<\/a><\/li>\n\n\n\n<li><a href='?page_no=14744'>14744<\/a><\/li>\n\n\n\n<li><a>...<\/a><\/li>\n\n\n\n<li><a href='?page_no=36999'>36999<\/a><\/li>\n\n\n\n<li><a href='?page_no=37000'>37000<\/a><\/li>\n\n    \n\t\n\n<li >\n\t<a href='?page_no=14743'>Next<\/a>\n\t<\/li>\n\n\n    \n\n<li><a href='?page_no=37000'>Last &rsaquo;&rsaquo;<\/a><\/li>\n\n<\/ul>\n\n\n--><br \/>\n<\/body><\/p>\n","protected":false},"excerpt":{"rendered":"<p>Santo Domingo, RD, 26 de agosto.- El ex vicepresidente de la Rep\u00fablica y miembro del Comit\u00e9 Pol\u00edtico del Partido de la Liberaci\u00f3n Dominicana, Rafael Alburquerque, favoreci\u00f3 un aumento salarial para los trabajadores porque con los niveles actuales, no se puede vivir. Rafael Alburquerque refiri\u00f3 que se inscribe en la l\u00ednea de trabajo del presidente Danilo [&hellip;]<\/p>\n","protected":false},"author":3,"featured_media":0,"comment_status":"open","ping_status":"open","sticky":false,"template":"","format":"standard","meta":{"footnotes":""},"categories":[22],"tags":[],"class_list":["post-162325","post","type-post","status-publish","format-standard","hentry","category-politica"],"_links":{"self":[{"href":"https:\/\/diariodominicano.com\/index.php?rest_route=\/wp\/v2\/posts\/162325","targetHints":{"allow":["GET"]}}],"collection":[{"href":"https:\/\/diariodominicano.com\/index.php?rest_route=\/wp\/v2\/posts"}],"about":[{"href":"https:\/\/diariodominicano.com\/index.php?rest_route=\/wp\/v2\/types\/post"}],"author":[{"embeddable":true,"href":"https:\/\/diariodominicano.com\/index.php?rest_route=\/wp\/v2\/users\/3"}],"replies":[{"embeddable":true,"href":"https:\/\/diariodominicano.com\/index.php?rest_route=%2Fwp%2Fv2%2Fcomments&post=162325"}],"version-history":[{"count":0,"href":"https:\/\/diariodominicano.com\/index.php?rest_route=\/wp\/v2\/posts\/162325\/revisions"}],"wp:attachment":[{"href":"https:\/\/diariodominicano.com\/index.php?rest_route=%2Fwp%2Fv2%2Fmedia&parent=162325"}],"wp:term":[{"taxonomy":"category","embeddable":true,"href":"https:\/\/diariodominicano.com\/index.php?rest_route=%2Fwp%2Fv2%2Fcategories&post=162325"},{"taxonomy":"post_tag","embeddable":true,"href":"https:\/\/diariodominicano.com\/index.php?rest_route=%2Fwp%2Fv2%2Ftags&post=162325"}],"curies":[{"name":"wp","href":"https:\/\/api.w.org\/{rel}","templated":true}]}}