{"id":162324,"date":"2014-08-26T19:16:43","date_gmt":"2014-08-26T19:16:43","guid":{"rendered":"http:\/\/diariodominicano.ddns.net\/?p=162324"},"modified":"2014-08-26T19:16:43","modified_gmt":"2014-08-26T19:16:43","slug":"comision-del-cp-trazara-normativa-para-funcionamiento-de-la-juventud-del-pld","status":"publish","type":"post","link":"https:\/\/diariodominicano.com\/?p=162324","title":{"rendered":"&#13;&#13;&#13;Comisi\u00f3n del CP trazar\u00e1 normativa para funcionamiento de la Juventud del PLD"},"content":{"rendered":"<p><body><\/p>\n<p><span class=\"text1noticias\"> <\/span><\/p>\n<p><span class=\"text1noticias\"> <\/span><\/p>\n<p><span class=\"text1noticias\">Santo Domingo, RD, 26 de agosto.- La decisi\u00f3n del VIII Congreso Ordinario Comandante Norge Botello  del Partido de la Liberaci\u00f3n Dominicana (PLD)  de \u00abCrear un organismo juvenil autogestionable en cuanto a su funcionamiento y gesti\u00f3n interna\u00bb  llev\u00f3 a su Comit\u00e9 Pol\u00edtico a evaluar el tema y mediante la designaci\u00f3n de una comisi\u00f3n, redactar los lineamientos que regulen la formaci\u00f3n de esta nueva estructura especializada.<\/span><\/p>\n<p><span class=\"text1noticias\"> <\/span><\/p>\n<p><span class=\"text1noticias\">El tema fue abordado por el organismo de direcci\u00f3n del PLD dado el inter\u00e9s expresado por los j\u00f3venes del pa\u00eds, quienes han mostrado amplias simpat\u00edas por cerrar filas en el Partido de la Liberaci\u00f3n Dominicana.<\/span><\/p>\n<p><span class=\"text1noticias\"> <\/span><\/p>\n<p><span class=\"text1noticias\">En la reuni\u00f3n del pasado lunes se design\u00f3 una comisi\u00f3n integrada por Reinaldo Pared P\u00e9rez, secretario general, Alejandrina Germ\u00e1n, Carlos Amarante Baret, Julio Cesar Valent\u00edn, Felucho Jim\u00e9nez Y Franklin Rodr\u00edguez, secretario de la juventud del PLD,  para que,\u00bb en un plazo de quince d\u00edas, armonice el contenido de las decisiones tomadas en el debate del tema juventud en las diferentes etapas del congreso ordinario\u00bb<\/span><\/p>\n<p><span class=\"text1noticias\"> <\/span><\/p>\n<p><span class=\"text1noticias\">Bajo las normativas que trace esa comisi\u00f3n  se dar\u00e1 forma y contenido a la JPLD (Juventud del PLD), la que ya cuenta  con reconocimiento estatutario y que tendr\u00e1 jurisdicci\u00f3n nacional y en las seccionales en el exterior <\/span><\/p>\n<p><span class=\"text1noticias\"> <\/span><\/p>\n<p><span class=\"text1noticias\">Se aprob\u00f3 en el Congreso que las y los j\u00f3venes  se les otorgar\u00e1 la facultad de elegir sus autoridades y representantes en los frentes de masas juveniles.<\/span><\/p>\n<p><span class=\"text1noticias\"> <\/span><\/p>\n<p><span class=\"text1noticias\">A la Secretar\u00eda de la Juventud del PLD han llegado cientos de inquietudes para organizarse en el Partido, entendiendo que es la fuerza pol\u00edtica que m\u00e1s se identifica con el sector, inquietudes que se han canalizado con dos actos de juramentaciones masivas, uno en la capital y otro en Santiago a cargo del Presidente de la organizaci\u00f3n el ex presidente Leonel Fern\u00e1ndez.<\/span><\/p>\n<p><span class=\"text1noticias\"> <\/span><\/p>\n<p><span class=\"text1noticias\">Todas las decisiones tomadas en el tema 8 o de la Juventud en el VIII Congreso Ordinario Comandante Norge Botello del PLD ser\u00e1n armonizadas por la comisi\u00f3n designadas para reglamentar las nuevas estructuras a formarse.  <\/span><\/p>\n<h6> 2014-08-26 19:16:43 <\/h6>\n<p><!--\n<link rel=\"stylesheet\" href=\"css\/bootstrap.min.css\">\n\n\n<ul class=\"pagination\">\n\t    \n\t\n\n<li >\n\t<a href='?page_no=14740'>Previous<\/a>\n\t<\/li>\n\n\n       \n    \n\n<li><a href='?page_no=1'>1<\/a><\/li>\n\n\n\n<li><a href='?page_no=2'>2<\/a><\/li>\n\n\n\n<li><a>...<\/a><\/li>\n\n\n\n<li><a href='?page_no=14739'>14739<\/a><\/li>\n\n\n\n<li><a href='?page_no=14740'>14740<\/a><\/li>\n\n\n\n<li class='active'><a>14741<\/a><\/li>\n\n\n\n<li><a href='?page_no=14742'>14742<\/a><\/li>\n\n\n\n<li><a href='?page_no=14743'>14743<\/a><\/li>\n\n\n\n<li><a>...<\/a><\/li>\n\n\n\n<li><a href='?page_no=36999'>36999<\/a><\/li>\n\n\n\n<li><a href='?page_no=37000'>37000<\/a><\/li>\n\n    \n\t\n\n<li >\n\t<a href='?page_no=14742'>Next<\/a>\n\t<\/li>\n\n\n    \n\n<li><a href='?page_no=37000'>Last &rsaquo;&rsaquo;<\/a><\/li>\n\n<\/ul>\n\n\n--><br \/>\n<\/body><\/p>\n","protected":false},"excerpt":{"rendered":"<p>Santo Domingo, RD, 26 de agosto.- La decisi\u00f3n del VIII Congreso Ordinario Comandante Norge Botello del Partido de la Liberaci\u00f3n Dominicana (PLD) de \u00abCrear un organismo juvenil autogestionable en cuanto a su funcionamiento y gesti\u00f3n interna\u00bb llev\u00f3 a su Comit\u00e9 Pol\u00edtico a evaluar el tema y mediante la designaci\u00f3n de una comisi\u00f3n, redactar los lineamientos [&hellip;]<\/p>\n","protected":false},"author":3,"featured_media":0,"comment_status":"open","ping_status":"open","sticky":false,"template":"","format":"standard","meta":{"footnotes":""},"categories":[22],"tags":[],"class_list":["post-162324","post","type-post","status-publish","format-standard","hentry","category-politica"],"_links":{"self":[{"href":"https:\/\/diariodominicano.com\/index.php?rest_route=\/wp\/v2\/posts\/162324","targetHints":{"allow":["GET"]}}],"collection":[{"href":"https:\/\/diariodominicano.com\/index.php?rest_route=\/wp\/v2\/posts"}],"about":[{"href":"https:\/\/diariodominicano.com\/index.php?rest_route=\/wp\/v2\/types\/post"}],"author":[{"embeddable":true,"href":"https:\/\/diariodominicano.com\/index.php?rest_route=\/wp\/v2\/users\/3"}],"replies":[{"embeddable":true,"href":"https:\/\/diariodominicano.com\/index.php?rest_route=%2Fwp%2Fv2%2Fcomments&post=162324"}],"version-history":[{"count":0,"href":"https:\/\/diariodominicano.com\/index.php?rest_route=\/wp\/v2\/posts\/162324\/revisions"}],"wp:attachment":[{"href":"https:\/\/diariodominicano.com\/index.php?rest_route=%2Fwp%2Fv2%2Fmedia&parent=162324"}],"wp:term":[{"taxonomy":"category","embeddable":true,"href":"https:\/\/diariodominicano.com\/index.php?rest_route=%2Fwp%2Fv2%2Fcategories&post=162324"},{"taxonomy":"post_tag","embeddable":true,"href":"https:\/\/diariodominicano.com\/index.php?rest_route=%2Fwp%2Fv2%2Ftags&post=162324"}],"curies":[{"name":"wp","href":"https:\/\/api.w.org\/{rel}","templated":true}]}}