{"id":162321,"date":"2014-08-26T22:30:53","date_gmt":"2014-08-26T22:30:53","guid":{"rendered":"http:\/\/diariodominicano.ddns.net\/?p=162321"},"modified":"2014-08-26T22:30:53","modified_gmt":"2014-08-26T22:30:53","slug":"prsc-extiende-plazo-de-inscripciones-para-las-primarias-en-frentes-de-la-juventud-y-de-la-mujer","status":"publish","type":"post","link":"https:\/\/diariodominicano.com\/?p=162321","title":{"rendered":"PRSC extiende plazo de inscripciones para las primarias en Frentes de la Juventud y de la Mujer"},"content":{"rendered":"<p><body><\/p>\n<p><span class=\"text1noticias\">Santo Domingo, RD, 26 de Agosto.-El presidente del Partido Reformista Social Cristiano, ingeniero Federico Ant\u00fan Batlle (Quique), extendi\u00f3 el plazo de inscripciones de militantes en el Frente de la Juventud y de la Mujer Reformista con miras al proceso interno para escoger a las nuevas autoridades de esos frentes.<\/span><\/p>\n<\/p>\n<p><span class=\"text1noticias\">Quique Ant\u00fan inform\u00f3 que la pr\u00f3rroga fue extendida hasta el lunes 1 de septiembre, d\u00eda en que vence el plazo para entrega de inscripciones.<\/span><\/p>\n<\/p>\n<p><span class=\"text1noticias\">Dijo que tambi\u00e9n se prorroga por una semana m\u00e1s la entrega de planchas para terciar en las primarias que se realizar\u00e1n el domingo 21 de septiembre.<\/span><\/p>\n<\/p>\n<p><span class=\"text1noticias\">El l\u00edder del PRSC explic\u00f3 que el otorgamiento de la pr\u00f3rroga se ha hecho en funci\u00f3n de que muchos j\u00f3venes y mujeres no pudieron concluir los trabajos este fin de semana, debido a los fuertes aguaceros que gener\u00f3 la tormenta Crist\u00f3bal.<\/span><\/p>\n<\/p>\n<p><span class=\"text1noticias\">\u00abAcogemos la solicitud que nos hicieran decenas de j\u00f3venes y mujeres en todo el territorio nacional y fijamos como fecha l\u00edmite para concluir las inscripciones, el pr\u00f3ximo lunes 1 de septiembre a las 6 de la tarde\u00bb, manifest\u00f3 Quique Ant\u00fan. <\/span><\/p>\n<\/p>\n<p><span class=\"text1noticias\">El presidente de los reformistas dijo sentirse muy contento por los avances logrados tanto por los j\u00f3venes como por las mujeres,  quienes en numerosos puntos del pa\u00eds han logrado superar las metas fijadas para el proceso de inscripci\u00f3n.(HG)<\/span>.<\/p>\n<\/p>\n<h6> 2014-08-26 22:30:53 <\/h6>\n<p><!--\n<link rel=\"stylesheet\" href=\"css\/bootstrap.min.css\">\n\n\n<ul class=\"pagination\">\n\t    \n\t\n\n<li >\n\t<a href='?page_no=14738'>Previous<\/a>\n\t<\/li>\n\n\n       \n    \n\n<li><a href='?page_no=1'>1<\/a><\/li>\n\n\n\n<li><a href='?page_no=2'>2<\/a><\/li>\n\n\n\n<li><a>...<\/a><\/li>\n\n\n\n<li><a href='?page_no=14737'>14737<\/a><\/li>\n\n\n\n<li><a href='?page_no=14738'>14738<\/a><\/li>\n\n\n\n<li class='active'><a>14739<\/a><\/li>\n\n\n\n<li><a href='?page_no=14740'>14740<\/a><\/li>\n\n\n\n<li><a href='?page_no=14741'>14741<\/a><\/li>\n\n\n\n<li><a>...<\/a><\/li>\n\n\n\n<li><a href='?page_no=36999'>36999<\/a><\/li>\n\n\n\n<li><a href='?page_no=37000'>37000<\/a><\/li>\n\n    \n\t\n\n<li >\n\t<a href='?page_no=14740'>Next<\/a>\n\t<\/li>\n\n\n    \n\n<li><a href='?page_no=37000'>Last &rsaquo;&rsaquo;<\/a><\/li>\n\n<\/ul>\n\n\n--><br \/>\n<\/body><\/p>\n","protected":false},"excerpt":{"rendered":"<p>Santo Domingo, RD, 26 de Agosto.-El presidente del Partido Reformista Social Cristiano, ingeniero Federico Ant\u00fan Batlle (Quique), extendi\u00f3 el plazo de inscripciones de militantes en el Frente de la Juventud y de la Mujer Reformista con miras al proceso interno para escoger a las nuevas autoridades de esos frentes. Quique Ant\u00fan inform\u00f3 que la pr\u00f3rroga [&hellip;]<\/p>\n","protected":false},"author":3,"featured_media":0,"comment_status":"open","ping_status":"open","sticky":false,"template":"","format":"standard","meta":{"footnotes":""},"categories":[22],"tags":[],"class_list":["post-162321","post","type-post","status-publish","format-standard","hentry","category-politica"],"_links":{"self":[{"href":"https:\/\/diariodominicano.com\/index.php?rest_route=\/wp\/v2\/posts\/162321","targetHints":{"allow":["GET"]}}],"collection":[{"href":"https:\/\/diariodominicano.com\/index.php?rest_route=\/wp\/v2\/posts"}],"about":[{"href":"https:\/\/diariodominicano.com\/index.php?rest_route=\/wp\/v2\/types\/post"}],"author":[{"embeddable":true,"href":"https:\/\/diariodominicano.com\/index.php?rest_route=\/wp\/v2\/users\/3"}],"replies":[{"embeddable":true,"href":"https:\/\/diariodominicano.com\/index.php?rest_route=%2Fwp%2Fv2%2Fcomments&post=162321"}],"version-history":[{"count":0,"href":"https:\/\/diariodominicano.com\/index.php?rest_route=\/wp\/v2\/posts\/162321\/revisions"}],"wp:attachment":[{"href":"https:\/\/diariodominicano.com\/index.php?rest_route=%2Fwp%2Fv2%2Fmedia&parent=162321"}],"wp:term":[{"taxonomy":"category","embeddable":true,"href":"https:\/\/diariodominicano.com\/index.php?rest_route=%2Fwp%2Fv2%2Fcategories&post=162321"},{"taxonomy":"post_tag","embeddable":true,"href":"https:\/\/diariodominicano.com\/index.php?rest_route=%2Fwp%2Fv2%2Ftags&post=162321"}],"curies":[{"name":"wp","href":"https:\/\/api.w.org\/{rel}","templated":true}]}}