{"id":162318,"date":"2014-08-27T06:25:52","date_gmt":"2014-08-27T06:25:52","guid":{"rendered":"http:\/\/diariodominicano.ddns.net\/?p=162318"},"modified":"2014-08-27T06:25:52","modified_gmt":"2014-08-27T06:25:52","slug":"aprueban-en-dos-lecturas-consecutivas-el-proyecto-de-ley-que-crea-el-parque-nacional-loma-miranda","status":"publish","type":"post","link":"https:\/\/diariodominicano.com\/?p=162318","title":{"rendered":"Aprueban  en dos lecturas consecutivas el proyecto de ley que crea el Parque Nacional Loma Miranda"},"content":{"rendered":"<p><body><\/p>\n<p><img decoding=\"async\" src=\"img3\/diputa0010.jpg\" \/>  <\/p>\n<\/p>\n<p><span class=\"text1noticias\">SANTO DOMINGO, RD, 27 de Agosto de 2014.- La C\u00e1mara de Diputados aprob\u00f3  en dos lecturas consecutivas y de urgencia, el proyecto de ley que crea el Parque Nacional Loma Miranda. El proyecto fue aprobado por 143 diputados, luego que fuera declarado de urgencia.<\/span><\/p>\n<\/p>\n<p><span class=\"text1noticias\">En la sesi\u00f3n intervinieron 12 legisladores, incluido el presidente de la C\u00e1mara, Abel Mart\u00ednez, quien manifest\u00f3 que con ese proyecto no le acepta chantaje a nadie.<\/span><\/p>\n<\/p>\n<p><span class=\"text1noticias\">En virtud del proyecto  \u00abSe crea el Parque Nacional Loma Miranda con el prop\u00f3sito primario de conservar las fuentes acu\u00edferas, la biodiversidad, la integridad ecosist\u00e9mica y paisaj\u00edstica, as\u00ed como mitigar los impactos del calentamiento global y la perturbaci\u00f3n del clima, entre otros aspectos\u00bb.<\/span><\/p>\n<\/p>\n<p><span class=\"text1noticias\">El art\u00edculo 7 establece que: \u00abLas violaciones a la presente Ley ser\u00e1 sometida a lo establecido en la Ley General sobre Medio Ambiente y Recursos Naturales, entre otros aspectos\u00bb.<\/span><\/p>\n<\/p>\n<p><span class=\"text1noticias\">Uno de los puntos de mayor controversia es el que establece el art\u00edculo 8, sobre el derecho de propiedad. Ese punto dice que dado el hecho de que los terrenos donde est\u00e1 ubicada Loma Miranda, incluyendo el \u00e1rea de los dep\u00f3sitos de minerales que contienen ferron\u00edquel, est\u00e1n en posesi\u00f3n o son propiedad leg\u00edtima de m\u00e1s de un propietario, corresponde al Poder Ejecutivo actuar con apego al art\u00edculo 51 de la Constituci\u00f3n que establece asimismo, \u00abninguna persona puede ser privada de su propiedad, sino por causa justificada de utilidad p\u00fablica o de inter\u00e9s social, previo pago de su justo valor, determinado por acuerdo entre las partes o sentencia de tribunal competente, de conformidad con lo establecido en la ley.<\/span><\/p>\n<\/p>\n<p><span class=\"text1noticias\">En caso de declaratoria de Estado de Emergencia o de Defensa, la indeminizaci\u00f3n podr\u00e1 no ser previa\u00bb. <\/span><\/p>\n<\/p>\n<h6> 2014-08-27 06:25:52 <\/h6>\n<p><!--\n<link rel=\"stylesheet\" href=\"css\/bootstrap.min.css\">\n\n\n<ul class=\"pagination\">\n\t    \n\t\n\n<li >\n\t<a href='?page_no=14735'>Previous<\/a>\n\t<\/li>\n\n\n       \n    \n\n<li><a href='?page_no=1'>1<\/a><\/li>\n\n\n\n<li><a href='?page_no=2'>2<\/a><\/li>\n\n\n\n<li><a>...<\/a><\/li>\n\n\n\n<li><a href='?page_no=14734'>14734<\/a><\/li>\n\n\n\n<li><a href='?page_no=14735'>14735<\/a><\/li>\n\n\n\n<li class='active'><a>14736<\/a><\/li>\n\n\n\n<li><a href='?page_no=14737'>14737<\/a><\/li>\n\n\n\n<li><a href='?page_no=14738'>14738<\/a><\/li>\n\n\n\n<li><a>...<\/a><\/li>\n\n\n\n<li><a href='?page_no=36999'>36999<\/a><\/li>\n\n\n\n<li><a href='?page_no=37000'>37000<\/a><\/li>\n\n    \n\t\n\n<li >\n\t<a href='?page_no=14737'>Next<\/a>\n\t<\/li>\n\n\n    \n\n<li><a href='?page_no=37000'>Last &rsaquo;&rsaquo;<\/a><\/li>\n\n<\/ul>\n\n\n--><br \/>\n<\/body><\/p>\n","protected":false},"excerpt":{"rendered":"<p>SANTO DOMINGO, RD, 27 de Agosto de 2014.- La C\u00e1mara de Diputados aprob\u00f3 en dos lecturas consecutivas y de urgencia, el proyecto de ley que crea el Parque Nacional Loma Miranda. El proyecto fue aprobado por 143 diputados, luego que fuera declarado de urgencia. En la sesi\u00f3n intervinieron 12 legisladores, incluido el presidente de la [&hellip;]<\/p>\n","protected":false},"author":3,"featured_media":0,"comment_status":"open","ping_status":"open","sticky":false,"template":"","format":"standard","meta":{"footnotes":""},"categories":[22],"tags":[],"class_list":["post-162318","post","type-post","status-publish","format-standard","hentry","category-politica"],"_links":{"self":[{"href":"https:\/\/diariodominicano.com\/index.php?rest_route=\/wp\/v2\/posts\/162318","targetHints":{"allow":["GET"]}}],"collection":[{"href":"https:\/\/diariodominicano.com\/index.php?rest_route=\/wp\/v2\/posts"}],"about":[{"href":"https:\/\/diariodominicano.com\/index.php?rest_route=\/wp\/v2\/types\/post"}],"author":[{"embeddable":true,"href":"https:\/\/diariodominicano.com\/index.php?rest_route=\/wp\/v2\/users\/3"}],"replies":[{"embeddable":true,"href":"https:\/\/diariodominicano.com\/index.php?rest_route=%2Fwp%2Fv2%2Fcomments&post=162318"}],"version-history":[{"count":0,"href":"https:\/\/diariodominicano.com\/index.php?rest_route=\/wp\/v2\/posts\/162318\/revisions"}],"wp:attachment":[{"href":"https:\/\/diariodominicano.com\/index.php?rest_route=%2Fwp%2Fv2%2Fmedia&parent=162318"}],"wp:term":[{"taxonomy":"category","embeddable":true,"href":"https:\/\/diariodominicano.com\/index.php?rest_route=%2Fwp%2Fv2%2Fcategories&post=162318"},{"taxonomy":"post_tag","embeddable":true,"href":"https:\/\/diariodominicano.com\/index.php?rest_route=%2Fwp%2Fv2%2Ftags&post=162318"}],"curies":[{"name":"wp","href":"https:\/\/api.w.org\/{rel}","templated":true}]}}